{"id":28988,"date":"2015-09-10T13:28:29","date_gmt":"2015-09-10T11:28:29","guid":{"rendered":"http:\/\/www.evanjelik.sk\/?p=28988"},"modified":"2015-09-10T13:28:29","modified_gmt":"2015-09-10T11:28:29","slug":"narasta-prenasledovanie-krestanov-v-indii","status":"publish","type":"post","link":"https:\/\/www.e-anjelik.sk\/index.php\/2015\/09\/10\/narasta-prenasledovanie-krestanov-v-indii\/","title":{"rendered":"Narast\u00e1 prenasledovanie kres\u0165anov v Indii"},"content":{"rendered":"<p>Po roku od nast\u00fapenia do \u00faradu indick\u00e9ho premi\u00e9ra Narendru Modiho st\u00fapol po\u010det \u00fatokov na kres\u0165anov hinduistick\u00fdmi extr\u00e9mistami. Modi patr\u00ed k hinduistickej n\u00e1rodnej strane BJP. Pod\u013ea spr\u00e1vy kres\u0165anskej informa\u010dnej slu\u017eby &#8222;Morning Star News&#8220; s\u00fa takto postihnut\u00e9 najm\u00e4 severoz\u00e1padn\u00fd spolkov\u00fd \u0161t\u00e1t na hranici s Pakistanom Rajastan a spolkov\u00fd \u0161t\u00e1t Maharastra na z\u00e1pade krajiny. Extr\u00e9misti sa vyhr\u00e1\u017eaj\u00fa kres\u0165ansk\u00fdm zhroma\u017edeniam, n\u00e1silne ich n\u00fatia vr\u00e1ti\u0165 sa do hinduizmu. D\u00f4vodom tohto konania je beztrestnos\u0165 radik\u00e1lov pod teraj\u0161ou vl\u00e1dou, ktor\u00e1 ich e\u0161te viac posil\u0148uje k n\u00e1siliu a netolerantnosti.<\/p>\n<p>(www.idea.de)<\/p>\n","protected":false},"excerpt":{"rendered":"<p>Po roku od nast\u00fapenia do \u00faradu indick\u00e9ho premi\u00e9ra Narendru Modiho st\u00fapol po\u010det \u00fatokov na kres\u0165anov hinduistick\u00fdmi extr\u00e9mistami. Modi patr\u00ed k hinduistickej n\u00e1rodnej strane BJP. Pod\u013ea spr\u00e1vy kres\u0165anskej informa\u010dnej slu\u017eby &#8222;Morning Star News&#8220; s\u00fa takto postihnut\u00e9 najm\u00e4 severoz\u00e1padn\u00fd spolkov\u00fd \u0161t\u00e1t na hranici s Pakistanom Rajastan a spolkov\u00fd \u0161t\u00e1t Maharastra na z\u00e1pade krajiny. Extr\u00e9misti sa vyhr\u00e1\u017eaj\u00fa kres\u0165ansk\u00fdm &#8230; <a title=\"Narast\u00e1 prenasledovanie kres\u0165anov v Indii\" class=\"read-more\" href=\"https:\/\/www.e-anjelik.sk\/index.php\/2015\/09\/10\/narasta-prenasledovanie-krestanov-v-indii\/\" aria-label=\"Pre\u010d\u00edtajte si viac o Narast\u00e1 prenasledovanie kres\u0165anov v Indii\">\u010c\u00edta\u0165 viac<\/a><\/p>\n","protected":false},"author":2,"featured_media":0,"comment_status":"open","ping_status":"open","sticky":false,"template":"","format":"standard","meta":{"footnotes":""},"categories":[1],"tags":[],"class_list":["post-28988","post","type-post","status-publish","format-standard","hentry","category-adventna-modlitba"],"_links":{"self":[{"href":"https:\/\/www.e-anjelik.sk\/index.php\/wp-json\/wp\/v2\/posts\/28988","targetHints":{"allow":["GET"]}}],"collection":[{"href":"https:\/\/www.e-anjelik.sk\/index.php\/wp-json\/wp\/v2\/posts"}],"about":[{"href":"https:\/\/www.e-anjelik.sk\/index.php\/wp-json\/wp\/v2\/types\/post"}],"author":[{"embeddable":true,"href":"https:\/\/www.e-anjelik.sk\/index.php\/wp-json\/wp\/v2\/users\/2"}],"replies":[{"embeddable":true,"href":"https:\/\/www.e-anjelik.sk\/index.php\/wp-json\/wp\/v2\/comments?post=28988"}],"version-history":[{"count":0,"href":"https:\/\/www.e-anjelik.sk\/index.php\/wp-json\/wp\/v2\/posts\/28988\/revisions"}],"wp:attachment":[{"href":"https:\/\/www.e-anjelik.sk\/index.php\/wp-json\/wp\/v2\/media?parent=28988"}],"wp:term":[{"taxonomy":"category","embeddable":true,"href":"https:\/\/www.e-anjelik.sk\/index.php\/wp-json\/wp\/v2\/categories?post=28988"},{"taxonomy":"post_tag","embeddable":true,"href":"https:\/\/www.e-anjelik.sk\/index.php\/wp-json\/wp\/v2\/tags?post=28988"}],"curies":[{"name":"wp","href":"https:\/\/api.w.org\/{rel}","templated":true}]}}