{"id":28990,"date":"2015-09-10T13:51:11","date_gmt":"2015-09-10T11:51:11","guid":{"rendered":"http:\/\/www.evanjelik.sk\/?p=28990"},"modified":"2015-09-10T13:51:11","modified_gmt":"2015-09-10T11:51:11","slug":"pastoralna-navsteva-na-kryme","status":"publish","type":"post","link":"https:\/\/www.e-anjelik.sk\/index.php\/2015\/09\/10\/pastoralna-navsteva-na-kryme\/","title":{"rendered":"Pastor\u00e1lna n\u00e1v\u0161teva na Kryme"},"content":{"rendered":"<p>Od 10. do 13. j\u00fala 2015 vykonal arcibiskup ELKRAS Dietrich Brauer pastor\u00e1lnu n\u00e1v\u0161tevu Krymu. Sprev\u00e1dzal ho hos\u0165 zo Spolku Martina Luthera v Nemecku , pastor Wolfgang Hagemann z Bavorska. Nav\u0161t\u00edvili cirkevn\u00e9 zbory Jalta a Simferopol. Bola to u\u017e druh\u00e1 n\u00e1v\u0161teva arcibiskupa na Kryme. V novembri arcibiskup nav\u0161t\u00edvil \u0161tyri cirkevn\u00e9 zbory, ktor\u00e9 boli registrovan\u00e9 pod\u013ea rusk\u00fdch z\u00e1konov: Simferopol, Jewpatorija, Jalta a Sudak. V Jalte sa konali rozhovory o bolestivom a komplikovanom probl\u00e9me vr\u00e1tenia cirkvi kostola sv. M\u00e1rie , ktor\u00fd doteraz nepatr\u00ed cirkvi. Veriaci sa k bohoslu\u017eb\u00e1m musia sch\u00e1dza\u0165 v prenajat\u00fdch priestoroch. V nede\u013eu 12. j\u00fala na bohoslu\u017eb\u00e1ch v Simferopole boli pr\u00edtomn\u00ed v\u0161etci ved\u00faci cirkevn\u00fdch zborov na Kryme. V r\u00e1mci bohoslu\u017eieb bola ordinovan\u00e1 absolventka teologick\u00e9ho semin\u00e1ra v Novosarovke Elsa Gerko. T\u00fa\u017ebou veriacich evanjelick\u00fdch zborov na Kryme je vytvori\u0165 samostatn\u00fd senior\u00e1t Krym. K tomu ale potrebuj\u00fa by\u0165 v\u0161etky zbory \u0161t\u00e1tne registrovan\u00e9.<\/p>\n<p>(www.martin-luther-bund.de)<\/p>\n","protected":false},"excerpt":{"rendered":"<p>Od 10. do 13. j\u00fala 2015 vykonal arcibiskup ELKRAS Dietrich Brauer pastor\u00e1lnu n\u00e1v\u0161tevu Krymu. Sprev\u00e1dzal ho hos\u0165 zo Spolku Martina Luthera v Nemecku , pastor Wolfgang Hagemann z Bavorska. Nav\u0161t\u00edvili cirkevn\u00e9 zbory Jalta a Simferopol. Bola to u\u017e druh\u00e1 n\u00e1v\u0161teva arcibiskupa na Kryme. V novembri arcibiskup nav\u0161t\u00edvil \u0161tyri cirkevn\u00e9 zbory, ktor\u00e9 boli registrovan\u00e9 pod\u013ea rusk\u00fdch &#8230; <a title=\"Pastor\u00e1lna n\u00e1v\u0161teva na Kryme\" class=\"read-more\" href=\"https:\/\/www.e-anjelik.sk\/index.php\/2015\/09\/10\/pastoralna-navsteva-na-kryme\/\" aria-label=\"Pre\u010d\u00edtajte si viac o Pastor\u00e1lna n\u00e1v\u0161teva na Kryme\">\u010c\u00edta\u0165 viac<\/a><\/p>\n","protected":false},"author":2,"featured_media":0,"comment_status":"open","ping_status":"open","sticky":false,"template":"","format":"standard","meta":{"footnotes":""},"categories":[1],"tags":[],"class_list":["post-28990","post","type-post","status-publish","format-standard","hentry","category-adventna-modlitba"],"_links":{"self":[{"href":"https:\/\/www.e-anjelik.sk\/index.php\/wp-json\/wp\/v2\/posts\/28990","targetHints":{"allow":["GET"]}}],"collection":[{"href":"https:\/\/www.e-anjelik.sk\/index.php\/wp-json\/wp\/v2\/posts"}],"about":[{"href":"https:\/\/www.e-anjelik.sk\/index.php\/wp-json\/wp\/v2\/types\/post"}],"author":[{"embeddable":true,"href":"https:\/\/www.e-anjelik.sk\/index.php\/wp-json\/wp\/v2\/users\/2"}],"replies":[{"embeddable":true,"href":"https:\/\/www.e-anjelik.sk\/index.php\/wp-json\/wp\/v2\/comments?post=28990"}],"version-history":[{"count":0,"href":"https:\/\/www.e-anjelik.sk\/index.php\/wp-json\/wp\/v2\/posts\/28990\/revisions"}],"wp:attachment":[{"href":"https:\/\/www.e-anjelik.sk\/index.php\/wp-json\/wp\/v2\/media?parent=28990"}],"wp:term":[{"taxonomy":"category","embeddable":true,"href":"https:\/\/www.e-anjelik.sk\/index.php\/wp-json\/wp\/v2\/categories?post=28990"},{"taxonomy":"post_tag","embeddable":true,"href":"https:\/\/www.e-anjelik.sk\/index.php\/wp-json\/wp\/v2\/tags?post=28990"}],"curies":[{"name":"wp","href":"https:\/\/api.w.org\/{rel}","templated":true}]}}