{"id":2900,"date":"2010-06-16T09:38:23","date_gmt":"2010-06-16T09:38:23","guid":{"rendered":"http:\/\/e-anjelik.sk\/?p=2900"},"modified":"2010-06-16T09:38:23","modified_gmt":"2010-06-16T09:38:23","slug":"distriktualne-dni-vd-ecav-2010","status":"publish","type":"post","link":"https:\/\/www.e-anjelik.sk\/index.php\/2010\/06\/16\/distriktualne-dni-vd-ecav-2010\/","title":{"rendered":"Di\u0161triktu\u00e1lne dni VD ECAV 2010"},"content":{"rendered":"<table class=\"contentpaneopen\">\n<tbody>\n<tr>\n<td class=\"contentheading\" width=\"100%\">&nbsp;<\/td>\n<td class=\"buttonheading\" width=\"100%\" align=\"right\"><a title=\"PDF\" rel=\"nofollow\" onclick=\"window.open(this.href,'win2','status=no,toolbar=no,scrollbars=yes,titlebar=no,menubar=no,resizable=yes,width=640,height=480,directories=no,location=no'); return false;\" href=\"http:\/\/www.vychodnydistrikt.sk\/index.php?view=article&amp;catid=94%3Aak-distrikt&amp;id=313%3Aproti-prudu&amp;format=pdf&amp;option=com_content&amp;Itemid=88\"><img decoding=\"async\" alt=\"PDF\" src=\"http:\/\/www.vychodnydistrikt.sk\/images\/M_images\/pdf_button.png\" \/><\/a><\/td>\n<td class=\"buttonheading\" width=\"100%\" align=\"right\"><a title=\"Tla\u010di\u0165\" rel=\"nofollow\" onclick=\"window.open(this.href,'win2','status=no,toolbar=no,scrollbars=yes,titlebar=no,menubar=no,resizable=yes,width=640,height=480,directories=no,location=no'); return false;\" href=\"http:\/\/www.vychodnydistrikt.sk\/index.php?view=article&amp;catid=94%3Aak-distrikt&amp;id=313%3Aproti-prudu&amp;tmpl=component&amp;print=1&amp;layout=default&amp;page=&amp;option=com_content&amp;Itemid=88\"><img decoding=\"async\" alt=\"Tla\u010di\u0165\" src=\"http:\/\/www.vychodnydistrikt.sk\/images\/M_images\/printButton.png\" \/><\/a><\/td>\n<td class=\"buttonheading\" width=\"100%\" align=\"right\"><a title=\"E-mail\" onclick=\"window.open(this.href,'win2','width=400,height=350,menubar=yes,resizable=yes'); return false;\" href=\"http:\/\/www.vychodnydistrikt.sk\/index.php?option=com_mailto&amp;tmpl=component&amp;link=aHR0cDovL3d3dy52eWNob2RueWRpc3RyaWt0LnNrL2luZGV4LnBocD9vcHRpb249Y29tX2NvbnRlbnQmdmlldz1hcnRpY2xlJmlkPTMxMzpwcm90aS1wcnVkdSZjYXRpZD05NDphay1kaXN0cmlrdCZJdGVtaWQ9ODg=\"><img decoding=\"async\" alt=\"E-mail\" src=\"http:\/\/www.vychodnydistrikt.sk\/images\/M_images\/emailButton.png\" \/><\/a><\/td>\n<\/tr>\n<\/tbody>\n<\/table>\n<table class=\"contentpaneopen\">\n<tbody>\n<tr>\n<td valign=\"top\">\n<p><span style=\"font-family: Arial\">Po pozit&iacute;vnej duchovnej<span>&nbsp; <\/span>sk&uacute;senosti z&nbsp;roku 2009 sa V&yacute;chodn&yacute; di&scaron;trikt ECAV na Slovensku rozhodol aj tohto roku organizova\u0165<span>&nbsp; <\/span>Di&scaron;triktu&aacute;lne dni VD ECAV 2010.&nbsp; <\/span><\/p>\n<p>            <span style=\"font-family: Arial\"><font size=\"2\"><font color=\"#000000\">V&nbsp;roku 2009 sa tematick&aacute; i&nbsp;programov&aacute; &scaron;trukt&uacute;ra odv&iacute;jala od hlavnej t&eacute;my, &bdquo;Budujme hradby Jeruzalema. Trojd\u0148ov&eacute; stretnutie, na ktorom si<span> <\/span>ka\u017ed&aacute; vekov&aacute; kateg&oacute;ria mohla n&aacute;js\u0165 priestor pre osobn&eacute; budovanie viery bolo naplnen&iacute;m t&uacute;\u017eby t&yacute;ch, ktor&yacute;m e&scaron;te aj dnes z&aacute;le\u017e&iacute; na budovan&iacute; vz\u0165ahov v&nbsp;cirkvi a&nbsp;v&nbsp;rodin&aacute;ch. Vyv&aacute;\u017een&yacute; program pon&uacute;kal pr&iacute;le\u017eitosti k&nbsp;duchovn&eacute;mu prem&yacute;&scaron;\u013eaniu, k&nbsp;diskusii nad aktu&aacute;lnymi ot&aacute;zkami v&nbsp;cirkvi v&nbsp;spolo\u010dnosti, &scaron;portov&eacute; aktivity, kde motiva\u010dn&yacute;m bodom bol poh&aacute;r brata di&scaron;triktu&aacute;lneho biskupa, program pre najmen&scaron;&iacute;ch zase d&yacute;chal svie\u017eos\u0165ou Bo\u017eieho slova a&nbsp;detsk&yacute;ch hier. <\/font><\/font><\/span><\/p>\n<p>            <span style=\"font-family: Arial\"><font size=\"2\"><font color=\"#000000\">No \u017eivot \u010dloveka nie je len poh\u013eadom do sp&auml;tn&eacute;ho zrkadla minulosti, teda toho \u010do sme pre\u017eili, ale predov&scaron;etk&yacute;m poh\u013eadom vpred do pr&iacute;tomnosti<span> <\/span>a&nbsp;bud&uacute;cnosti. Z&nbsp;tohto d&ocirc;vodu aj tohto roku organiz&aacute;tori podujatia poz&yacute;vaj&uacute; v&nbsp;d\u0148och <strong>27 &#8211; 29. augusta 20010<\/strong> na Di&scaron;triktu&aacute;lne dni VD ECAV 2010 v&scaron;etk&yacute;ch, ktor&iacute; u\u017e z&iacute;skali pozit&iacute;vnu sk&uacute;senos\u0165 s&nbsp;t&yacute;mto podujat&iacute;m, ale aj v&scaron;etk&yacute;ch t&yacute;ch, ktor&iacute; t&uacute;\u017eia po duchovnom a&nbsp;telesnom naplnen&iacute;. T&eacute;ma tohtoro\u010dn&yacute;ch dn&iacute; <strong>&bdquo;Proti pr&uacute;du&ldquo;<\/strong> n&aacute;m pripomenie d&ocirc;le\u017eitos\u0165 pevnosti kres\u0165ansk&yacute;ch hodn&ocirc;t a&nbsp;postojov v&nbsp;dne&scaron;nej multikult&uacute;rnej dobe. <\/font><\/font><\/span><\/p>\n<p>            <span style=\"font-family: Arial\"><font size=\"2\"><font color=\"#000000\">Prorok Daniel ako pr&iacute;klad vyznania viery v&nbsp;pohansky zm&yacute;&scaron;\u013eaj&uacute;com svete, to bude centrum duchovnej pozornosti po\u010das troch dn&iacute;. Diskusn&eacute; f&oacute;ra, program pre deti, mlad&yacute;ch, man\u017eelov a&nbsp;rodi\u010dov, &scaron;portov&eacute; aktivity, \u013eudov&eacute; dielne, workshopy, baz&eacute;n, to v&scaron;etko bude zos&uacute;laden&eacute; v primeranom \u010dasovom harmonograme. Vyvrcholen&iacute;m stretnutia bud&uacute; spolo\u010dn&eacute; nede\u013en&eacute; slu\u017eby Bo\u017eie, po ktor&yacute;ch je v&nbsp;popolud\u0148aj&scaron;&iacute;ch hodin&aacute;ch pripraven&yacute; sprievodn&yacute; duchovn&yacute; program a<span>&nbsp; <\/span>vyhodnotenie s&uacute;\u0165a\u017ee &bdquo;M&ocirc;j \u017eivot viery&ldquo;. Po \u0148om je pripraven&yacute; hlbok&yacute; duchovn&yacute;, kult&uacute;rny a&nbsp;umeleck&yacute; z&aacute;\u017eitok pre v&scaron;etk&yacute;ch t&yacute;ch, ktor&iacute; neodmietnu pozvanie do ev. chr&aacute;mu Bo\u017eieho na operu &bdquo;Evanjelium pod\u013ea J&aacute;na&ldquo; v&nbsp; r&eacute;\u017eii V&iacute;\u0165azoslava Kubi\u010dku. Pevne ver&iacute;me, \u017ee aj tohtoro\u010dn&eacute; stretnutie prispeje k&nbsp;upev\u0148ovaniu a&nbsp;budovaniu nov&yacute;ch vz\u0165ahov v&nbsp;spolo\u010denstve cirkvi &ndash; k&nbsp;Bohu a&nbsp;k&nbsp;bl&iacute;\u017enym.<\/font><\/font><\/span><\/p>\n<p>            <span style=\"font-family: Arial\"><font size=\"2\"><font color=\"#000000\">DD VD 2010 chc&uacute; by\u0165 otvorenou pozv&aacute;nkou pre v&scaron;etk&yacute;ch, ktor&iacute; pod r&ocirc;znym \u0165a\u017ek&yacute;m tlakom vetra tohto sveta potrebuj&uacute; na\u010derpa\u0165 nov&uacute; silu k&nbsp;vn&uacute;torn&yacute;m postojom viery aby&nbsp;takto dok&aacute;zali st&aacute;\u0165 proti pr&uacute;du egoistick&eacute;ho myslenia i&nbsp;konania \u013eud&iacute; dne&scaron;nej doby.<\/font><\/font><\/span><\/p>\n<p>            <span style=\"font-family: Arial\"><font size=\"2\"><font color=\"#000000\">Peter Miho\u010d &ndash; Tajomn&iacute;k biskupa VD ECAV<\/font><\/font><\/span><\/p>\n<\/td>\n<\/tr>\n<\/tbody>\n<\/table>\n","protected":false},"excerpt":{"rendered":"<p>&nbsp; Po pozit&iacute;vnej duchovnej&nbsp; sk&uacute;senosti z&nbsp;roku 2009 sa V&yacute;chodn&yacute; di&scaron;trikt ECAV na Slovensku rozhodol aj tohto roku organizova\u0165&nbsp; Di&scaron;triktu&aacute;lne dni VD ECAV 2010.&nbsp; V&nbsp;roku 2009 sa tematick&aacute; i&nbsp;programov&aacute; &scaron;trukt&uacute;ra odv&iacute;jala od hlavnej t&eacute;my, &bdquo;Budujme hradby Jeruzalema. Trojd\u0148ov&eacute; stretnutie, na ktorom si ka\u017ed&aacute; vekov&aacute; kateg&oacute;ria mohla n&aacute;js\u0165 priestor pre osobn&eacute; budovanie viery bolo naplnen&iacute;m t&uacute;\u017eby t&yacute;ch, &#8230; <a title=\"Di\u0161triktu\u00e1lne dni VD ECAV 2010\" class=\"read-more\" href=\"https:\/\/www.e-anjelik.sk\/index.php\/2010\/06\/16\/distriktualne-dni-vd-ecav-2010\/\" aria-label=\"Pre\u010d\u00edtajte si viac o Di\u0161triktu\u00e1lne dni VD ECAV 2010\">\u010c\u00edta\u0165 viac<\/a><\/p>\n","protected":false},"author":70,"featured_media":0,"comment_status":"open","ping_status":"open","sticky":false,"template":"","format":"standard","meta":{"footnotes":""},"categories":[1],"tags":[],"class_list":["post-2900","post","type-post","status-publish","format-standard","hentry","category-adventna-modlitba"],"_links":{"self":[{"href":"https:\/\/www.e-anjelik.sk\/index.php\/wp-json\/wp\/v2\/posts\/2900","targetHints":{"allow":["GET"]}}],"collection":[{"href":"https:\/\/www.e-anjelik.sk\/index.php\/wp-json\/wp\/v2\/posts"}],"about":[{"href":"https:\/\/www.e-anjelik.sk\/index.php\/wp-json\/wp\/v2\/types\/post"}],"author":[{"embeddable":true,"href":"https:\/\/www.e-anjelik.sk\/index.php\/wp-json\/wp\/v2\/users\/70"}],"replies":[{"embeddable":true,"href":"https:\/\/www.e-anjelik.sk\/index.php\/wp-json\/wp\/v2\/comments?post=2900"}],"version-history":[{"count":0,"href":"https:\/\/www.e-anjelik.sk\/index.php\/wp-json\/wp\/v2\/posts\/2900\/revisions"}],"wp:attachment":[{"href":"https:\/\/www.e-anjelik.sk\/index.php\/wp-json\/wp\/v2\/media?parent=2900"}],"wp:term":[{"taxonomy":"category","embeddable":true,"href":"https:\/\/www.e-anjelik.sk\/index.php\/wp-json\/wp\/v2\/categories?post=2900"},{"taxonomy":"post_tag","embeddable":true,"href":"https:\/\/www.e-anjelik.sk\/index.php\/wp-json\/wp\/v2\/tags?post=2900"}],"curies":[{"name":"wp","href":"https:\/\/api.w.org\/{rel}","templated":true}]}}