{"id":2902,"date":"2010-06-16T10:16:50","date_gmt":"2010-06-16T10:16:50","guid":{"rendered":"http:\/\/e-anjelik.sk\/?p=2902"},"modified":"2010-06-16T10:16:50","modified_gmt":"2010-06-16T10:16:50","slug":"v-polsku-zasadia-50-tisic-stromov-k-reformacnemu-jubileu","status":"publish","type":"post","link":"https:\/\/www.e-anjelik.sk\/index.php\/2010\/06\/16\/v-polsku-zasadia-50-tisic-stromov-k-reformacnemu-jubileu\/","title":{"rendered":"V Po\u013esku zasadia  50 tis\u00edc stromov k reforma\u010dn\u00e9mu jubileu"},"content":{"rendered":"<p>Evanjelick&aacute; cirkev v Po\u013esku schv&aacute;lila iniciat&iacute;vu zborov&eacute;ho far&aacute;ra v Szczyrku J&aacute;na Byrta, aby EC v Po\u013esku vysadila k 500.&nbsp;jubileu&nbsp;Reform&aacute;cie k 31. okt. 2017 50 tis&iacute;c&nbsp;stromov.&nbsp;Iniciat&iacute;vu podporuje aj svetozn&aacute;my skokan na ly\u017eiach &#8211; evanjelik Adam Malysz. Akciou si chc&uacute; s&uacute;\u010dasne pripomen&uacute;\u0165 prenasledovan&yacute;ch evanjelikov v \u010dase protireform&aacute;cie, ktor&iacute; sa skr&yacute;vali v lesoch a tam vykon&aacute;vali tajne aj slu\u017eby Bo\u017eie. Doteraz u\u017e vysadili 1200 stromov.<\/p>\n<p>(<a href=\"http:\/\/www.gustav-adolf-werk.de\">www.gustav-adolf-werk.de<\/a>)<\/p>\n<p>&nbsp;<\/p>\n","protected":false},"excerpt":{"rendered":"<p>Evanjelick&aacute; cirkev v Po\u013esku schv&aacute;lila iniciat&iacute;vu zborov&eacute;ho far&aacute;ra v Szczyrku J&aacute;na Byrta, aby EC v Po\u013esku vysadila k 500.&nbsp;jubileu&nbsp;Reform&aacute;cie k 31. okt. 2017 50 tis&iacute;c&nbsp;stromov.&nbsp;Iniciat&iacute;vu podporuje aj svetozn&aacute;my skokan na ly\u017eiach &#8211; evanjelik Adam Malysz. Akciou si chc&uacute; s&uacute;\u010dasne pripomen&uacute;\u0165 prenasledovan&yacute;ch evanjelikov v \u010dase protireform&aacute;cie, ktor&iacute; sa skr&yacute;vali v lesoch a tam vykon&aacute;vali tajne aj &#8230; <a title=\"V Po\u013esku zasadia  50 tis\u00edc stromov k reforma\u010dn\u00e9mu jubileu\" class=\"read-more\" href=\"https:\/\/www.e-anjelik.sk\/index.php\/2010\/06\/16\/v-polsku-zasadia-50-tisic-stromov-k-reformacnemu-jubileu\/\" aria-label=\"Pre\u010d\u00edtajte si viac o V Po\u013esku zasadia  50 tis\u00edc stromov k reforma\u010dn\u00e9mu jubileu\">\u010c\u00edta\u0165 viac<\/a><\/p>\n","protected":false},"author":22,"featured_media":0,"comment_status":"open","ping_status":"open","sticky":false,"template":"","format":"standard","meta":{"footnotes":""},"categories":[9,10],"tags":[],"class_list":["post-2902","post","type-post","status-publish","format-standard","hentry","category-europa","category-zo-sveta"],"_links":{"self":[{"href":"https:\/\/www.e-anjelik.sk\/index.php\/wp-json\/wp\/v2\/posts\/2902","targetHints":{"allow":["GET"]}}],"collection":[{"href":"https:\/\/www.e-anjelik.sk\/index.php\/wp-json\/wp\/v2\/posts"}],"about":[{"href":"https:\/\/www.e-anjelik.sk\/index.php\/wp-json\/wp\/v2\/types\/post"}],"author":[{"embeddable":true,"href":"https:\/\/www.e-anjelik.sk\/index.php\/wp-json\/wp\/v2\/users\/22"}],"replies":[{"embeddable":true,"href":"https:\/\/www.e-anjelik.sk\/index.php\/wp-json\/wp\/v2\/comments?post=2902"}],"version-history":[{"count":0,"href":"https:\/\/www.e-anjelik.sk\/index.php\/wp-json\/wp\/v2\/posts\/2902\/revisions"}],"wp:attachment":[{"href":"https:\/\/www.e-anjelik.sk\/index.php\/wp-json\/wp\/v2\/media?parent=2902"}],"wp:term":[{"taxonomy":"category","embeddable":true,"href":"https:\/\/www.e-anjelik.sk\/index.php\/wp-json\/wp\/v2\/categories?post=2902"},{"taxonomy":"post_tag","embeddable":true,"href":"https:\/\/www.e-anjelik.sk\/index.php\/wp-json\/wp\/v2\/tags?post=2902"}],"curies":[{"name":"wp","href":"https:\/\/api.w.org\/{rel}","templated":true}]}}