{"id":2903,"date":"2010-06-18T08:01:21","date_gmt":"2010-06-18T08:01:21","guid":{"rendered":"http:\/\/e-anjelik.sk\/?p=2903"},"modified":"2010-06-18T08:01:21","modified_gmt":"2010-06-18T08:01:21","slug":"ekumenicke-sluzby-bozie-pred-volbou-noveho-spolkoveho-prezidenta-nemecka","status":"publish","type":"post","link":"https:\/\/www.e-anjelik.sk\/index.php\/2010\/06\/18\/ekumenicke-sluzby-bozie-pred-volbou-noveho-spolkoveho-prezidenta-nemecka\/","title":{"rendered":"Ekumenick\u00e9 slu\u017eby Bo\u017eie pred vo\u013ebou nov\u00e9ho spolkov\u00e9ho prezidenta Nemecka"},"content":{"rendered":"<p>Katol&iacute;cka a evanjelick&aacute; cirkev v Nemecku poz&yacute;vaj&uacute; na spolo\u010dn&eacute; ekumenick&eacute; slu\u017eby Bo\u017eie pred vo\u013ebou nov&eacute;ho spolkov&eacute;ho prezidenta Nemecka. Bohoslu\u017eby sa bud&uacute; kona\u0165 30. j&uacute;na t.r. v katol&iacute;ckej katedr&aacute;le sv. Hedvigy&nbsp;v Berl&iacute;ne. &Uacute;vodn&eacute; slovo prednesie ved&uacute;ci Katol&iacute;ckeho &uacute;radu, prel&aacute;t Karl Juesten. K&aacute;za\u0165 bude prel&aacute;t Bernhardt Felmberg, splnomocnenec Rady Evanjelickej cirkvi Nemecka pri vl&aacute;de a parlamente. Na bohoslu\u017eb&aacute;ch sa o\u010dak&aacute;vaj&uacute; kandid&aacute;ti pre vo\u013ebu prezidenta ako aj \u010dlenovia Spolkov&eacute;ho zhroma\u017edenia.<\/p>\n<p>(<a href=\"http:\/\/www.ekd.de\">www.ekd.de<\/a>)<\/p>\n","protected":false},"excerpt":{"rendered":"<p>Katol&iacute;cka a evanjelick&aacute; cirkev v Nemecku poz&yacute;vaj&uacute; na spolo\u010dn&eacute; ekumenick&eacute; slu\u017eby Bo\u017eie pred vo\u013ebou nov&eacute;ho spolkov&eacute;ho prezidenta Nemecka. Bohoslu\u017eby sa bud&uacute; kona\u0165 30. j&uacute;na t.r. v katol&iacute;ckej katedr&aacute;le sv. Hedvigy&nbsp;v Berl&iacute;ne. &Uacute;vodn&eacute; slovo prednesie ved&uacute;ci Katol&iacute;ckeho &uacute;radu, prel&aacute;t Karl Juesten. K&aacute;za\u0165 bude prel&aacute;t Bernhardt Felmberg, splnomocnenec Rady Evanjelickej cirkvi Nemecka pri vl&aacute;de a parlamente. Na &#8230; <a title=\"Ekumenick\u00e9 slu\u017eby Bo\u017eie pred vo\u013ebou nov\u00e9ho spolkov\u00e9ho prezidenta Nemecka\" class=\"read-more\" href=\"https:\/\/www.e-anjelik.sk\/index.php\/2010\/06\/18\/ekumenicke-sluzby-bozie-pred-volbou-noveho-spolkoveho-prezidenta-nemecka\/\" aria-label=\"Pre\u010d\u00edtajte si viac o Ekumenick\u00e9 slu\u017eby Bo\u017eie pred vo\u013ebou nov\u00e9ho spolkov\u00e9ho prezidenta Nemecka\">\u010c\u00edta\u0165 viac<\/a><\/p>\n","protected":false},"author":22,"featured_media":0,"comment_status":"open","ping_status":"open","sticky":false,"template":"","format":"standard","meta":{"footnotes":""},"categories":[2],"tags":[],"class_list":["post-2903","post","type-post","status-publish","format-standard","hentry","category-ekumena"],"_links":{"self":[{"href":"https:\/\/www.e-anjelik.sk\/index.php\/wp-json\/wp\/v2\/posts\/2903","targetHints":{"allow":["GET"]}}],"collection":[{"href":"https:\/\/www.e-anjelik.sk\/index.php\/wp-json\/wp\/v2\/posts"}],"about":[{"href":"https:\/\/www.e-anjelik.sk\/index.php\/wp-json\/wp\/v2\/types\/post"}],"author":[{"embeddable":true,"href":"https:\/\/www.e-anjelik.sk\/index.php\/wp-json\/wp\/v2\/users\/22"}],"replies":[{"embeddable":true,"href":"https:\/\/www.e-anjelik.sk\/index.php\/wp-json\/wp\/v2\/comments?post=2903"}],"version-history":[{"count":0,"href":"https:\/\/www.e-anjelik.sk\/index.php\/wp-json\/wp\/v2\/posts\/2903\/revisions"}],"wp:attachment":[{"href":"https:\/\/www.e-anjelik.sk\/index.php\/wp-json\/wp\/v2\/media?parent=2903"}],"wp:term":[{"taxonomy":"category","embeddable":true,"href":"https:\/\/www.e-anjelik.sk\/index.php\/wp-json\/wp\/v2\/categories?post=2903"},{"taxonomy":"post_tag","embeddable":true,"href":"https:\/\/www.e-anjelik.sk\/index.php\/wp-json\/wp\/v2\/tags?post=2903"}],"curies":[{"name":"wp","href":"https:\/\/api.w.org\/{rel}","templated":true}]}}