{"id":2905,"date":"2010-06-18T08:49:23","date_gmt":"2010-06-18T08:49:23","guid":{"rendered":"http:\/\/e-anjelik.sk\/?p=2905"},"modified":"2010-06-18T08:49:23","modified_gmt":"2010-06-18T08:49:23","slug":"19-dobrovolnikov-z-nemecka-ide-do-sveta","status":"publish","type":"post","link":"https:\/\/www.e-anjelik.sk\/index.php\/2010\/06\/18\/19-dobrovolnikov-z-nemecka-ide-do-sveta\/","title":{"rendered":"19 dobrovo\u013en\u00edkov z Nemecka ide do sveta"},"content":{"rendered":"<p>19 mlad&yacute;ch \u017eien a mu\u017eov bude tohto roku v r&aacute;mci dobrovo\u013en&eacute;ho programu GAW Wuerttemberg pracova\u0165 12 mesiacov v Argent&iacute;ne, Braz&iacute;lii, Chile, Taliansku, Rusku, Paraguaji a Uruguaji . V nede\u013eu 13. j&uacute;na t.r. sa v Schorndorfe konali slu\u017eby Bo\u017eie pri v&yacute;ro\u010dnom zhroma\u017eden&iacute; GAW. Na nich po\u017eehnali a vyslali t&yacute;chto 19 mlad&yacute;ch.Koncom j&uacute;la odcestuj&uacute; do pr&iacute;slu&scaron;n&yacute;ch kraj&iacute;n. Na dobrovo\u013en&iacute;cku pr&aacute;cu sa pripravovali na troch semin&aacute;roch.<\/p>\n<p>(<a href=\"http:\/\/www.gustav-adolf-werk.de\">www.gustav-adolf-werk.de<\/a>)<\/p>\n","protected":false},"excerpt":{"rendered":"<p>19 mlad&yacute;ch \u017eien a mu\u017eov bude tohto roku v r&aacute;mci dobrovo\u013en&eacute;ho programu GAW Wuerttemberg pracova\u0165 12 mesiacov v Argent&iacute;ne, Braz&iacute;lii, Chile, Taliansku, Rusku, Paraguaji a Uruguaji . V nede\u013eu 13. j&uacute;na t.r. sa v Schorndorfe konali slu\u017eby Bo\u017eie pri v&yacute;ro\u010dnom zhroma\u017eden&iacute; GAW. Na nich po\u017eehnali a vyslali t&yacute;chto 19 mlad&yacute;ch.Koncom j&uacute;la odcestuj&uacute; do pr&iacute;slu&scaron;n&yacute;ch kraj&iacute;n. &#8230; <a title=\"19 dobrovo\u013en\u00edkov z Nemecka ide do sveta\" class=\"read-more\" href=\"https:\/\/www.e-anjelik.sk\/index.php\/2010\/06\/18\/19-dobrovolnikov-z-nemecka-ide-do-sveta\/\" aria-label=\"Pre\u010d\u00edtajte si viac o 19 dobrovo\u013en\u00edkov z Nemecka ide do sveta\">\u010c\u00edta\u0165 viac<\/a><\/p>\n","protected":false},"author":22,"featured_media":0,"comment_status":"open","ping_status":"open","sticky":false,"template":"","format":"standard","meta":{"footnotes":""},"categories":[9,10],"tags":[],"class_list":["post-2905","post","type-post","status-publish","format-standard","hentry","category-europa","category-zo-sveta"],"_links":{"self":[{"href":"https:\/\/www.e-anjelik.sk\/index.php\/wp-json\/wp\/v2\/posts\/2905","targetHints":{"allow":["GET"]}}],"collection":[{"href":"https:\/\/www.e-anjelik.sk\/index.php\/wp-json\/wp\/v2\/posts"}],"about":[{"href":"https:\/\/www.e-anjelik.sk\/index.php\/wp-json\/wp\/v2\/types\/post"}],"author":[{"embeddable":true,"href":"https:\/\/www.e-anjelik.sk\/index.php\/wp-json\/wp\/v2\/users\/22"}],"replies":[{"embeddable":true,"href":"https:\/\/www.e-anjelik.sk\/index.php\/wp-json\/wp\/v2\/comments?post=2905"}],"version-history":[{"count":0,"href":"https:\/\/www.e-anjelik.sk\/index.php\/wp-json\/wp\/v2\/posts\/2905\/revisions"}],"wp:attachment":[{"href":"https:\/\/www.e-anjelik.sk\/index.php\/wp-json\/wp\/v2\/media?parent=2905"}],"wp:term":[{"taxonomy":"category","embeddable":true,"href":"https:\/\/www.e-anjelik.sk\/index.php\/wp-json\/wp\/v2\/categories?post=2905"},{"taxonomy":"post_tag","embeddable":true,"href":"https:\/\/www.e-anjelik.sk\/index.php\/wp-json\/wp\/v2\/tags?post=2905"}],"curies":[{"name":"wp","href":"https:\/\/api.w.org\/{rel}","templated":true}]}}