{"id":2906,"date":"2010-06-18T09:00:10","date_gmt":"2010-06-18T09:00:10","guid":{"rendered":"http:\/\/e-anjelik.sk\/?p=2906"},"modified":"2010-06-18T09:00:10","modified_gmt":"2010-06-18T09:00:10","slug":"evanjelicky-biskup-z-kirgizska-o-stave-vo-svojej-krajine","status":"publish","type":"post","link":"https:\/\/www.e-anjelik.sk\/index.php\/2010\/06\/18\/evanjelicky-biskup-z-kirgizska-o-stave-vo-svojej-krajine\/","title":{"rendered":"Evanjelick\u00fd biskup z Kirgizska o stave vo svojej krajine"},"content":{"rendered":"<p>Biskup Evanjelicko-luter&aacute;nskej cirkvi v Kirgizsku Alfred Eichholz ,ktor&yacute; sa v s&uacute;\u010dasnosti nach&aacute;dza v Nemecku, vyslovil sa so znepokojen&iacute;m o znovu prepuknut&yacute;ch nepokojoch v tejto krajine. Doteraz boli etnick&eacute; boje iba medzi Kirgizmi a Uzbekmi. Evanjelick&iacute; Nemci zatia\u013e do nich neboli vtiahnut&iacute;. Biskup sa ob&aacute;va, \u017ee ak sa situ&aacute;cia bude zhor&scaron;ova\u0165, v&scaron;etci evanjelici sa z krajiny ods\u0165ahuj&uacute;. Kazate\u013e cirkevn&eacute;ho zboru v postihnutom meste O&scaron; hl&aacute;sil, \u017ee opilci podpa\u013eovali a ni\u010dili v&scaron;etko, \u010do im pri&scaron;lo do cesty. \u013dudia sa boja vych&aacute;dza\u0165 na ulicu. Konflikt s&ocirc;sobil ve\u013ek&eacute; probl&eacute;my so z&aacute;sobovan&iacute;m a to sp&ocirc;sobuje zdra\u017eovanie. Biskup Eichholz sa m&aacute; za\u010diatkom j&uacute;la vr&aacute;ti\u0165 do Kirgizska.<\/p>\n<p>(<a href=\"http:\/\/www.gustav-adolf-werk.de\">www.gustav-adolf-werk.de<\/a>)<\/p>\n<p>&nbsp;<\/p>\n","protected":false},"excerpt":{"rendered":"<p>Biskup Evanjelicko-luter&aacute;nskej cirkvi v Kirgizsku Alfred Eichholz ,ktor&yacute; sa v s&uacute;\u010dasnosti nach&aacute;dza v Nemecku, vyslovil sa so znepokojen&iacute;m o znovu prepuknut&yacute;ch nepokojoch v tejto krajine. Doteraz boli etnick&eacute; boje iba medzi Kirgizmi a Uzbekmi. Evanjelick&iacute; Nemci zatia\u013e do nich neboli vtiahnut&iacute;. Biskup sa ob&aacute;va, \u017ee ak sa situ&aacute;cia bude zhor&scaron;ova\u0165, v&scaron;etci evanjelici sa z krajiny &#8230; <a title=\"Evanjelick\u00fd biskup z Kirgizska o stave vo svojej krajine\" class=\"read-more\" href=\"https:\/\/www.e-anjelik.sk\/index.php\/2010\/06\/18\/evanjelicky-biskup-z-kirgizska-o-stave-vo-svojej-krajine\/\" aria-label=\"Pre\u010d\u00edtajte si viac o Evanjelick\u00fd biskup z Kirgizska o stave vo svojej krajine\">\u010c\u00edta\u0165 viac<\/a><\/p>\n","protected":false},"author":22,"featured_media":0,"comment_status":"open","ping_status":"open","sticky":false,"template":"","format":"standard","meta":{"footnotes":""},"categories":[16,10],"tags":[],"class_list":["post-2906","post","type-post","status-publish","format-standard","hentry","category-azia","category-zo-sveta"],"_links":{"self":[{"href":"https:\/\/www.e-anjelik.sk\/index.php\/wp-json\/wp\/v2\/posts\/2906","targetHints":{"allow":["GET"]}}],"collection":[{"href":"https:\/\/www.e-anjelik.sk\/index.php\/wp-json\/wp\/v2\/posts"}],"about":[{"href":"https:\/\/www.e-anjelik.sk\/index.php\/wp-json\/wp\/v2\/types\/post"}],"author":[{"embeddable":true,"href":"https:\/\/www.e-anjelik.sk\/index.php\/wp-json\/wp\/v2\/users\/22"}],"replies":[{"embeddable":true,"href":"https:\/\/www.e-anjelik.sk\/index.php\/wp-json\/wp\/v2\/comments?post=2906"}],"version-history":[{"count":0,"href":"https:\/\/www.e-anjelik.sk\/index.php\/wp-json\/wp\/v2\/posts\/2906\/revisions"}],"wp:attachment":[{"href":"https:\/\/www.e-anjelik.sk\/index.php\/wp-json\/wp\/v2\/media?parent=2906"}],"wp:term":[{"taxonomy":"category","embeddable":true,"href":"https:\/\/www.e-anjelik.sk\/index.php\/wp-json\/wp\/v2\/categories?post=2906"},{"taxonomy":"post_tag","embeddable":true,"href":"https:\/\/www.e-anjelik.sk\/index.php\/wp-json\/wp\/v2\/tags?post=2906"}],"curies":[{"name":"wp","href":"https:\/\/api.w.org\/{rel}","templated":true}]}}