{"id":2907,"date":"2010-06-18T09:17:19","date_gmt":"2010-06-18T09:17:19","guid":{"rendered":"http:\/\/e-anjelik.sk\/?p=2907"},"modified":"2010-06-18T09:17:19","modified_gmt":"2010-06-18T09:17:19","slug":"biskupka-antje-jacklelen-utrpela-uraz","status":"publish","type":"post","link":"https:\/\/www.e-anjelik.sk\/index.php\/2010\/06\/18\/biskupka-antje-jacklelen-utrpela-uraz\/","title":{"rendered":"Biskupka Antje Jacklelen utrpela \u00faraz"},"content":{"rendered":"<p>Biskupka Antje Jackelen z Lundu minul&uacute; sobotu pri pobo\u017enosti v katedr&aacute;le pre ordinovan&yacute;ch &nbsp;spadla na schodoch a utrpela &uacute;raz. V nemocnici zistili zlomeninu \u013eavej nohy. Biskupka v nede\u013eu ordinovala novok\u0148azov i napriek tomuto &uacute;razu a sedela na voz&iacute;ku. Je to o to v&auml;\u010d&scaron;ia nepr&iacute;jemnos\u0165, lebo t&uacute;to sobotu ona je jednou zo &scaron;tyroch&nbsp;duchovn&yacute;ch pri sob&aacute;&scaron;i korunnej princeznej Vikt&oacute;rie. Pravdepodobne bude aj tam sedie\u0165 na voz&iacute;ku alebo si pom&ocirc;\u017ee barlami.<\/p>\n<p>(<a href=\"http:\/\/www.kyrkanstidning.org\">www.kyrkans<a href=\"http:\/\/www.kyrkansotidning\">tidning<\/a>.org<\/a>)<\/p>\n","protected":false},"excerpt":{"rendered":"<p>Biskupka Antje Jackelen z Lundu minul&uacute; sobotu pri pobo\u017enosti v katedr&aacute;le pre ordinovan&yacute;ch &nbsp;spadla na schodoch a utrpela &uacute;raz. V nemocnici zistili zlomeninu \u013eavej nohy. Biskupka v nede\u013eu ordinovala novok\u0148azov i napriek tomuto &uacute;razu a sedela na voz&iacute;ku. Je to o to v&auml;\u010d&scaron;ia nepr&iacute;jemnos\u0165, lebo t&uacute;to sobotu ona je jednou zo &scaron;tyroch&nbsp;duchovn&yacute;ch pri sob&aacute;&scaron;i korunnej &#8230; <a title=\"Biskupka Antje Jacklelen utrpela \u00faraz\" class=\"read-more\" href=\"https:\/\/www.e-anjelik.sk\/index.php\/2010\/06\/18\/biskupka-antje-jacklelen-utrpela-uraz\/\" aria-label=\"Pre\u010d\u00edtajte si viac o Biskupka Antje Jacklelen utrpela \u00faraz\">\u010c\u00edta\u0165 viac<\/a><\/p>\n","protected":false},"author":22,"featured_media":0,"comment_status":"open","ping_status":"open","sticky":false,"template":"","format":"standard","meta":{"footnotes":""},"categories":[42,10],"tags":[],"class_list":["post-2907","post","type-post","status-publish","format-standard","hentry","category-skandinavia","category-zo-sveta"],"_links":{"self":[{"href":"https:\/\/www.e-anjelik.sk\/index.php\/wp-json\/wp\/v2\/posts\/2907","targetHints":{"allow":["GET"]}}],"collection":[{"href":"https:\/\/www.e-anjelik.sk\/index.php\/wp-json\/wp\/v2\/posts"}],"about":[{"href":"https:\/\/www.e-anjelik.sk\/index.php\/wp-json\/wp\/v2\/types\/post"}],"author":[{"embeddable":true,"href":"https:\/\/www.e-anjelik.sk\/index.php\/wp-json\/wp\/v2\/users\/22"}],"replies":[{"embeddable":true,"href":"https:\/\/www.e-anjelik.sk\/index.php\/wp-json\/wp\/v2\/comments?post=2907"}],"version-history":[{"count":0,"href":"https:\/\/www.e-anjelik.sk\/index.php\/wp-json\/wp\/v2\/posts\/2907\/revisions"}],"wp:attachment":[{"href":"https:\/\/www.e-anjelik.sk\/index.php\/wp-json\/wp\/v2\/media?parent=2907"}],"wp:term":[{"taxonomy":"category","embeddable":true,"href":"https:\/\/www.e-anjelik.sk\/index.php\/wp-json\/wp\/v2\/categories?post=2907"},{"taxonomy":"post_tag","embeddable":true,"href":"https:\/\/www.e-anjelik.sk\/index.php\/wp-json\/wp\/v2\/tags?post=2907"}],"curies":[{"name":"wp","href":"https:\/\/api.w.org\/{rel}","templated":true}]}}