{"id":2908,"date":"2010-06-18T09:36:49","date_gmt":"2010-06-18T09:36:49","guid":{"rendered":"http:\/\/e-anjelik.sk\/?p=2908"},"modified":"2010-06-18T09:36:49","modified_gmt":"2010-06-18T09:36:49","slug":"150-rokov-sluzby-v-zvestovani-evanjelia-v-afrike","status":"publish","type":"post","link":"https:\/\/www.e-anjelik.sk\/index.php\/2010\/06\/18\/150-rokov-sluzby-v-zvestovani-evanjelia-v-afrike\/","title":{"rendered":"150 rokov slu\u017eby v zvestovan\u00ed evanjelia v Afrike"},"content":{"rendered":"<p>Prv&aacute; africk&aacute; luter&aacute;nska cirkev vznikla v roku 1860 p&ocirc;soben&iacute;m americk&yacute;ch luter&aacute;nskych mision&aacute;rov v Lib&eacute;rii. Evanjelicko-luter&aacute;nska cirkev si toto 150 ro\u010dn&eacute; jubileum pripomenula na sl&aacute;vnostiach 23.-28. apr&iacute;la t.r. s &uacute;\u010das\u0165ou zahrani\u010dn&yacute;ch a dom&aacute;cich partnerov. V&yacute;zna\u010dn&yacute;m hos\u0165om bol odch&aacute;dzaj&uacute;ci gen. tajomn&iacute;k SLZ I. Noko zo \u017denevy. T&aacute;to cirkev m&aacute; dnes okolo 70 tis&iacute;c \u010dlenov. Jej pr&aacute;ca dnes spo\u010d&iacute;va v &scaron;tyroch oblastiach : zdravotn&iacute;ctvo, v&yacute;chova a vzdelanie, psychosoci&aacute;lna pr&aacute;ca a misia.<\/p>\n<p>(<a href=\"http:\/\/www.asia-lutheran.org\">www.asia-lutheran.org<\/a>)<\/p>\n","protected":false},"excerpt":{"rendered":"<p>Prv&aacute; africk&aacute; luter&aacute;nska cirkev vznikla v roku 1860 p&ocirc;soben&iacute;m americk&yacute;ch luter&aacute;nskych mision&aacute;rov v Lib&eacute;rii. Evanjelicko-luter&aacute;nska cirkev si toto 150 ro\u010dn&eacute; jubileum pripomenula na sl&aacute;vnostiach 23.-28. apr&iacute;la t.r. s &uacute;\u010das\u0165ou zahrani\u010dn&yacute;ch a dom&aacute;cich partnerov. V&yacute;zna\u010dn&yacute;m hos\u0165om bol odch&aacute;dzaj&uacute;ci gen. tajomn&iacute;k SLZ I. Noko zo \u017denevy. T&aacute;to cirkev m&aacute; dnes okolo 70 tis&iacute;c \u010dlenov. Jej pr&aacute;ca dnes &#8230; <a title=\"150 rokov slu\u017eby v zvestovan\u00ed evanjelia v Afrike\" class=\"read-more\" href=\"https:\/\/www.e-anjelik.sk\/index.php\/2010\/06\/18\/150-rokov-sluzby-v-zvestovani-evanjelia-v-afrike\/\" aria-label=\"Pre\u010d\u00edtajte si viac o 150 rokov slu\u017eby v zvestovan\u00ed evanjelia v Afrike\">\u010c\u00edta\u0165 viac<\/a><\/p>\n","protected":false},"author":22,"featured_media":0,"comment_status":"open","ping_status":"open","sticky":false,"template":"","format":"standard","meta":{"footnotes":""},"categories":[50,10],"tags":[],"class_list":["post-2908","post","type-post","status-publish","format-standard","hentry","category-afrika","category-zo-sveta"],"_links":{"self":[{"href":"https:\/\/www.e-anjelik.sk\/index.php\/wp-json\/wp\/v2\/posts\/2908","targetHints":{"allow":["GET"]}}],"collection":[{"href":"https:\/\/www.e-anjelik.sk\/index.php\/wp-json\/wp\/v2\/posts"}],"about":[{"href":"https:\/\/www.e-anjelik.sk\/index.php\/wp-json\/wp\/v2\/types\/post"}],"author":[{"embeddable":true,"href":"https:\/\/www.e-anjelik.sk\/index.php\/wp-json\/wp\/v2\/users\/22"}],"replies":[{"embeddable":true,"href":"https:\/\/www.e-anjelik.sk\/index.php\/wp-json\/wp\/v2\/comments?post=2908"}],"version-history":[{"count":0,"href":"https:\/\/www.e-anjelik.sk\/index.php\/wp-json\/wp\/v2\/posts\/2908\/revisions"}],"wp:attachment":[{"href":"https:\/\/www.e-anjelik.sk\/index.php\/wp-json\/wp\/v2\/media?parent=2908"}],"wp:term":[{"taxonomy":"category","embeddable":true,"href":"https:\/\/www.e-anjelik.sk\/index.php\/wp-json\/wp\/v2\/categories?post=2908"},{"taxonomy":"post_tag","embeddable":true,"href":"https:\/\/www.e-anjelik.sk\/index.php\/wp-json\/wp\/v2\/tags?post=2908"}],"curies":[{"name":"wp","href":"https:\/\/api.w.org\/{rel}","templated":true}]}}