{"id":2913,"date":"2010-06-21T11:02:16","date_gmt":"2010-06-21T11:02:16","guid":{"rendered":"http:\/\/e-anjelik.sk\/?p=2913"},"modified":"2010-06-21T11:02:16","modified_gmt":"2010-06-21T11:02:16","slug":"instalacia-noveho-evanjelickeho-vojenskeho-biskupa-vo-varsave","status":"publish","type":"post","link":"https:\/\/www.e-anjelik.sk\/index.php\/2010\/06\/21\/instalacia-noveho-evanjelickeho-vojenskeho-biskupa-vo-varsave\/","title":{"rendered":"In\u0161tal\u00e1cia nov\u00e9ho evanjelick\u00e9ho vojensk\u00e9ho biskupa vo Var\u0161ave"},"content":{"rendered":"<p>V sobotu 19. j&uacute;na t.r. sa v kostole sv. Trojice vo Var&scaron;ave konala in&scaron;tal&aacute;cia nov&eacute;ho evanjelick&eacute;ho vojensk&eacute;ho biskupa k\u0148aza pplk Miroslava Wolu. Ordin&aacute;ciu vykonal biskup ECAV v Po\u013esku J. Samiec za asistencie dvoch diec&eacute;znych biskupov. Na sl&aacute;vnosti sa z&uacute;\u010dastnili z&aacute;stupcovia predsedu Rady ministrov, pohrani\u010dnej str&aacute;\u017ee, ordinari&aacute;tu po\u013en&eacute;ho vojska po\u013esk&eacute;ho, pravosl&aacute;vneho ordinari&aacute;tu po\u013eskej arm&aacute;dy, evanjelick&yacute;ch duchovn&yacute;ch arm&aacute;d v MR a Nemecku. Pr&iacute;tomn&yacute; bol zbor biskupov, ev. duchovn&iacute; v arm&aacute;de, pohrani\u010dnej str&aacute;\u017ei, po\u017eiarnej ochrane a pol&iacute;cii, duchovn&iacute; a veriaci cirkvi. Liturgiu Ve\u010dere P&aacute;novej sl&uacute;\u017eili nov&yacute; vojensk&yacute; biskup a biskup cirkvi. Po bohoslu\u017ebe biskupovi Wolovi blaho\u017eelali po\u010detn&iacute; pr&iacute;tomn&iacute; hostia. Nakoniec odi&scaron;li pr&iacute;tomn&iacute; na n&aacute;m. Pilsudsk&eacute;ho, kde biskupa pozdravila arm&aacute;da a polo\u017eili veniec k doske hrobu nezn&aacute;meho vojaka.<\/p>\n<p>(<a href=\"http:\/\/www.luteranie.pl\">www.luteranie.pl<\/a>)<\/p>\n","protected":false},"excerpt":{"rendered":"<p>V sobotu 19. j&uacute;na t.r. sa v kostole sv. Trojice vo Var&scaron;ave konala in&scaron;tal&aacute;cia nov&eacute;ho evanjelick&eacute;ho vojensk&eacute;ho biskupa k\u0148aza pplk Miroslava Wolu. Ordin&aacute;ciu vykonal biskup ECAV v Po\u013esku J. Samiec za asistencie dvoch diec&eacute;znych biskupov. Na sl&aacute;vnosti sa z&uacute;\u010dastnili z&aacute;stupcovia predsedu Rady ministrov, pohrani\u010dnej str&aacute;\u017ee, ordinari&aacute;tu po\u013en&eacute;ho vojska po\u013esk&eacute;ho, pravosl&aacute;vneho ordinari&aacute;tu po\u013eskej arm&aacute;dy, evanjelick&yacute;ch duchovn&yacute;ch &#8230; <a title=\"In\u0161tal\u00e1cia nov\u00e9ho evanjelick\u00e9ho vojensk\u00e9ho biskupa vo Var\u0161ave\" class=\"read-more\" href=\"https:\/\/www.e-anjelik.sk\/index.php\/2010\/06\/21\/instalacia-noveho-evanjelickeho-vojenskeho-biskupa-vo-varsave\/\" aria-label=\"Pre\u010d\u00edtajte si viac o In\u0161tal\u00e1cia nov\u00e9ho evanjelick\u00e9ho vojensk\u00e9ho biskupa vo Var\u0161ave\">\u010c\u00edta\u0165 viac<\/a><\/p>\n","protected":false},"author":22,"featured_media":0,"comment_status":"open","ping_status":"open","sticky":false,"template":"","format":"standard","meta":{"footnotes":""},"categories":[9,10],"tags":[],"class_list":["post-2913","post","type-post","status-publish","format-standard","hentry","category-europa","category-zo-sveta"],"_links":{"self":[{"href":"https:\/\/www.e-anjelik.sk\/index.php\/wp-json\/wp\/v2\/posts\/2913","targetHints":{"allow":["GET"]}}],"collection":[{"href":"https:\/\/www.e-anjelik.sk\/index.php\/wp-json\/wp\/v2\/posts"}],"about":[{"href":"https:\/\/www.e-anjelik.sk\/index.php\/wp-json\/wp\/v2\/types\/post"}],"author":[{"embeddable":true,"href":"https:\/\/www.e-anjelik.sk\/index.php\/wp-json\/wp\/v2\/users\/22"}],"replies":[{"embeddable":true,"href":"https:\/\/www.e-anjelik.sk\/index.php\/wp-json\/wp\/v2\/comments?post=2913"}],"version-history":[{"count":0,"href":"https:\/\/www.e-anjelik.sk\/index.php\/wp-json\/wp\/v2\/posts\/2913\/revisions"}],"wp:attachment":[{"href":"https:\/\/www.e-anjelik.sk\/index.php\/wp-json\/wp\/v2\/media?parent=2913"}],"wp:term":[{"taxonomy":"category","embeddable":true,"href":"https:\/\/www.e-anjelik.sk\/index.php\/wp-json\/wp\/v2\/categories?post=2913"},{"taxonomy":"post_tag","embeddable":true,"href":"https:\/\/www.e-anjelik.sk\/index.php\/wp-json\/wp\/v2\/tags?post=2913"}],"curies":[{"name":"wp","href":"https:\/\/api.w.org\/{rel}","templated":true}]}}