{"id":29136,"date":"2015-09-16T10:09:58","date_gmt":"2015-09-16T08:09:58","guid":{"rendered":"http:\/\/www.evanjelik.sk\/?p=29136"},"modified":"2015-09-16T10:09:58","modified_gmt":"2015-09-16T08:09:58","slug":"papez-frantisek-navstivi-evanjelicky-kostol-v-rime","status":"publish","type":"post","link":"https:\/\/www.e-anjelik.sk\/index.php\/2015\/09\/16\/papez-frantisek-navstivi-evanjelicky-kostol-v-rime\/","title":{"rendered":"P\u00e1pe\u017e Franti\u0161ek nav\u0161t\u00edvi evanjelick\u00fd kostol v R\u00edme"},"content":{"rendered":"<p>V sobotu 12. septembra t.r. ozn\u00e1mil Vatik\u00e1n, \u017ee 15. novembra 2015 v popolud\u0148aj\u0161\u00edch hodin\u00e1ch p\u00e1pe\u017e Franti\u0161ek nav\u0161t\u00edvi evanjelicko-luter\u00e1nsky kostol Krista P\u00e1na v R\u00edme. Bli\u017e\u0161\u00ed program nie je zn\u00e1my. U\u017e jeho predchodcovia J\u00e1n Pavol II. roku 1983 a Benedikt XVI. v roku 2010 tento chr\u00e1m nav\u0161t\u00edvili. Chr\u00e1m bol postaven\u00fd vo vilheminskom slohu v roku 1914 a posv\u00e4ten\u00fd po skon\u010den\u00ed prvej svetovej vojny.<\/p>\n<p>(www.epd.de)<\/p>\n","protected":false},"excerpt":{"rendered":"<p>V sobotu 12. septembra t.r. ozn\u00e1mil Vatik\u00e1n, \u017ee 15. novembra 2015 v popolud\u0148aj\u0161\u00edch hodin\u00e1ch p\u00e1pe\u017e Franti\u0161ek nav\u0161t\u00edvi evanjelicko-luter\u00e1nsky kostol Krista P\u00e1na v R\u00edme. Bli\u017e\u0161\u00ed program nie je zn\u00e1my. U\u017e jeho predchodcovia J\u00e1n Pavol II. roku 1983 a Benedikt XVI. v roku 2010 tento chr\u00e1m nav\u0161t\u00edvili. Chr\u00e1m bol postaven\u00fd vo vilheminskom slohu v roku 1914 a &#8230; <a title=\"P\u00e1pe\u017e Franti\u0161ek nav\u0161t\u00edvi evanjelick\u00fd kostol v R\u00edme\" class=\"read-more\" href=\"https:\/\/www.e-anjelik.sk\/index.php\/2015\/09\/16\/papez-frantisek-navstivi-evanjelicky-kostol-v-rime\/\" aria-label=\"Pre\u010d\u00edtajte si viac o P\u00e1pe\u017e Franti\u0161ek nav\u0161t\u00edvi evanjelick\u00fd kostol v R\u00edme\">\u010c\u00edta\u0165 viac<\/a><\/p>\n","protected":false},"author":2,"featured_media":0,"comment_status":"open","ping_status":"open","sticky":false,"template":"","format":"standard","meta":{"footnotes":""},"categories":[1],"tags":[],"class_list":["post-29136","post","type-post","status-publish","format-standard","hentry","category-adventna-modlitba"],"_links":{"self":[{"href":"https:\/\/www.e-anjelik.sk\/index.php\/wp-json\/wp\/v2\/posts\/29136","targetHints":{"allow":["GET"]}}],"collection":[{"href":"https:\/\/www.e-anjelik.sk\/index.php\/wp-json\/wp\/v2\/posts"}],"about":[{"href":"https:\/\/www.e-anjelik.sk\/index.php\/wp-json\/wp\/v2\/types\/post"}],"author":[{"embeddable":true,"href":"https:\/\/www.e-anjelik.sk\/index.php\/wp-json\/wp\/v2\/users\/2"}],"replies":[{"embeddable":true,"href":"https:\/\/www.e-anjelik.sk\/index.php\/wp-json\/wp\/v2\/comments?post=29136"}],"version-history":[{"count":0,"href":"https:\/\/www.e-anjelik.sk\/index.php\/wp-json\/wp\/v2\/posts\/29136\/revisions"}],"wp:attachment":[{"href":"https:\/\/www.e-anjelik.sk\/index.php\/wp-json\/wp\/v2\/media?parent=29136"}],"wp:term":[{"taxonomy":"category","embeddable":true,"href":"https:\/\/www.e-anjelik.sk\/index.php\/wp-json\/wp\/v2\/categories?post=29136"},{"taxonomy":"post_tag","embeddable":true,"href":"https:\/\/www.e-anjelik.sk\/index.php\/wp-json\/wp\/v2\/tags?post=29136"}],"curies":[{"name":"wp","href":"https:\/\/api.w.org\/{rel}","templated":true}]}}