{"id":29140,"date":"2015-09-16T10:57:19","date_gmt":"2015-09-16T08:57:19","guid":{"rendered":"http:\/\/www.evanjelik.sk\/?p=29140"},"modified":"2015-09-16T10:57:19","modified_gmt":"2015-09-16T08:57:19","slug":"finska-misionarka-v-berline","status":"publish","type":"post","link":"https:\/\/www.e-anjelik.sk\/index.php\/2015\/09\/16\/finska-misionarka-v-berline\/","title":{"rendered":"F\u00ednska mision\u00e1rka v Berl\u00edne"},"content":{"rendered":"<p>O cirkevnom zbore SELK Sv. Trojice v Berl\u00edne sme p\u00edsali. V nede\u013eu 13. septembra 2015 sa v \u0148om konali slu\u017eby Bo\u017eie, na ktor\u00fdch bolo pr\u00edtomn\u00fdch do 300 veriacich. Po nich priv\u00edtali v zbore sestru Tarju Ik\u00e4heimonenov\u00fa , ktor\u00fa sem na trojro\u010dn\u00fa pr\u00e1cu vyslala F\u00ednska luter\u00e1nska misia. T\u00e1to pracovn\u00ed\u010dka \u0161es\u0165 rokov pracovala v Afganistane a ovl\u00e1da tamoj\u0161\u00ed jazyk dari, ktor\u00fdm hovoria aj mnoh\u00ed nov\u00ed \u010dlenovia tohto cirkevn\u00e9ho zboru &#8211; konvertiti z islamu. Takto bude ve\u013ekou pomocou pri pr\u00e1ci s pris\u0165ahovalcami.<\/p>\n<p>(www.selk.de)<\/p>\n","protected":false},"excerpt":{"rendered":"<p>O cirkevnom zbore SELK Sv. Trojice v Berl\u00edne sme p\u00edsali. V nede\u013eu 13. septembra 2015 sa v \u0148om konali slu\u017eby Bo\u017eie, na ktor\u00fdch bolo pr\u00edtomn\u00fdch do 300 veriacich. Po nich priv\u00edtali v zbore sestru Tarju Ik\u00e4heimonenov\u00fa , ktor\u00fa sem na trojro\u010dn\u00fa pr\u00e1cu vyslala F\u00ednska luter\u00e1nska misia. T\u00e1to pracovn\u00ed\u010dka \u0161es\u0165 rokov pracovala v Afganistane a ovl\u00e1da &#8230; <a title=\"F\u00ednska mision\u00e1rka v Berl\u00edne\" class=\"read-more\" href=\"https:\/\/www.e-anjelik.sk\/index.php\/2015\/09\/16\/finska-misionarka-v-berline\/\" aria-label=\"Pre\u010d\u00edtajte si viac o F\u00ednska mision\u00e1rka v Berl\u00edne\">\u010c\u00edta\u0165 viac<\/a><\/p>\n","protected":false},"author":2,"featured_media":0,"comment_status":"open","ping_status":"open","sticky":false,"template":"","format":"standard","meta":{"footnotes":""},"categories":[1],"tags":[],"class_list":["post-29140","post","type-post","status-publish","format-standard","hentry","category-adventna-modlitba"],"_links":{"self":[{"href":"https:\/\/www.e-anjelik.sk\/index.php\/wp-json\/wp\/v2\/posts\/29140","targetHints":{"allow":["GET"]}}],"collection":[{"href":"https:\/\/www.e-anjelik.sk\/index.php\/wp-json\/wp\/v2\/posts"}],"about":[{"href":"https:\/\/www.e-anjelik.sk\/index.php\/wp-json\/wp\/v2\/types\/post"}],"author":[{"embeddable":true,"href":"https:\/\/www.e-anjelik.sk\/index.php\/wp-json\/wp\/v2\/users\/2"}],"replies":[{"embeddable":true,"href":"https:\/\/www.e-anjelik.sk\/index.php\/wp-json\/wp\/v2\/comments?post=29140"}],"version-history":[{"count":0,"href":"https:\/\/www.e-anjelik.sk\/index.php\/wp-json\/wp\/v2\/posts\/29140\/revisions"}],"wp:attachment":[{"href":"https:\/\/www.e-anjelik.sk\/index.php\/wp-json\/wp\/v2\/media?parent=29140"}],"wp:term":[{"taxonomy":"category","embeddable":true,"href":"https:\/\/www.e-anjelik.sk\/index.php\/wp-json\/wp\/v2\/categories?post=29140"},{"taxonomy":"post_tag","embeddable":true,"href":"https:\/\/www.e-anjelik.sk\/index.php\/wp-json\/wp\/v2\/tags?post=29140"}],"curies":[{"name":"wp","href":"https:\/\/api.w.org\/{rel}","templated":true}]}}