{"id":29173,"date":"2015-09-18T11:08:08","date_gmt":"2015-09-18T09:08:08","guid":{"rendered":"http:\/\/www.evanjelik.sk\/?p=29173"},"modified":"2015-09-18T11:08:08","modified_gmt":"2015-09-18T09:08:08","slug":"v-lca-ordinovali-dvoch-pastorov-z-juzneho-sudanu","status":"publish","type":"post","link":"https:\/\/www.e-anjelik.sk\/index.php\/2015\/09\/18\/v-lca-ordinovali-dvoch-pastorov-z-juzneho-sudanu\/","title":{"rendered":"V LCA ordinovali dvoch pastorov z Ju\u017en\u00e9ho Sudanu"},"content":{"rendered":"<p>29. augusta 2015 sa v Croydone, \u0161t\u00e1t Victoria, konali sl\u00e1vnostn\u00e9 slu\u017eby Bo\u017eie, v r\u00e1mci ktor\u00fdch za pastorov pre osobitn\u00fa duchovn\u00fa slu\u017ebu v Luter\u00e1nskej cirkvi Austr\u00e1lie\u00a0boli ordinovan\u00ed dvaja mu\u017ei z Ju\u017en\u00e9ho Sudanu &#8211; Michael Jang a James Luk. V Luther College Chapel bolo pr\u00edtomn\u00fdch vy\u0161e 500 \u00fa\u010dastn\u00edkov, z toho v\u00e4\u010d\u0161ina boli rod\u00e1ci ordinovan\u00fdch z Ju\u017en\u00e9ho Sudanu, ktor\u00ed \u017eij\u00fa ako pris\u0165ahovalci v Austr\u00e1lii. K\u00e1zal a ordinoval biskup diec\u00e9zy Tasmania \/ Victoria Greg Pietsch. Sudansk\u00e9 sestry zo spevokolu a sudansk\u00e1 ml\u00e1de\u017e spievali piesne v domorodom jazyku nuer . V nich vyjadrili rados\u0165 a entuziazmus z ordin\u00e1cie svojich rod\u00e1kov.<\/p>\n<p>(www.lca.org.au)<\/p>\n","protected":false},"excerpt":{"rendered":"<p>29. augusta 2015 sa v Croydone, \u0161t\u00e1t Victoria, konali sl\u00e1vnostn\u00e9 slu\u017eby Bo\u017eie, v r\u00e1mci ktor\u00fdch za pastorov pre osobitn\u00fa duchovn\u00fa slu\u017ebu v Luter\u00e1nskej cirkvi Austr\u00e1lie\u00a0boli ordinovan\u00ed dvaja mu\u017ei z Ju\u017en\u00e9ho Sudanu &#8211; Michael Jang a James Luk. V Luther College Chapel bolo pr\u00edtomn\u00fdch vy\u0161e 500 \u00fa\u010dastn\u00edkov, z toho v\u00e4\u010d\u0161ina boli rod\u00e1ci ordinovan\u00fdch z Ju\u017en\u00e9ho Sudanu, &#8230; <a title=\"V LCA ordinovali dvoch pastorov z Ju\u017en\u00e9ho Sudanu\" class=\"read-more\" href=\"https:\/\/www.e-anjelik.sk\/index.php\/2015\/09\/18\/v-lca-ordinovali-dvoch-pastorov-z-juzneho-sudanu\/\" aria-label=\"Pre\u010d\u00edtajte si viac o V LCA ordinovali dvoch pastorov z Ju\u017en\u00e9ho Sudanu\">\u010c\u00edta\u0165 viac<\/a><\/p>\n","protected":false},"author":2,"featured_media":0,"comment_status":"open","ping_status":"open","sticky":false,"template":"","format":"standard","meta":{"footnotes":""},"categories":[1],"tags":[],"class_list":["post-29173","post","type-post","status-publish","format-standard","hentry","category-adventna-modlitba"],"_links":{"self":[{"href":"https:\/\/www.e-anjelik.sk\/index.php\/wp-json\/wp\/v2\/posts\/29173","targetHints":{"allow":["GET"]}}],"collection":[{"href":"https:\/\/www.e-anjelik.sk\/index.php\/wp-json\/wp\/v2\/posts"}],"about":[{"href":"https:\/\/www.e-anjelik.sk\/index.php\/wp-json\/wp\/v2\/types\/post"}],"author":[{"embeddable":true,"href":"https:\/\/www.e-anjelik.sk\/index.php\/wp-json\/wp\/v2\/users\/2"}],"replies":[{"embeddable":true,"href":"https:\/\/www.e-anjelik.sk\/index.php\/wp-json\/wp\/v2\/comments?post=29173"}],"version-history":[{"count":0,"href":"https:\/\/www.e-anjelik.sk\/index.php\/wp-json\/wp\/v2\/posts\/29173\/revisions"}],"wp:attachment":[{"href":"https:\/\/www.e-anjelik.sk\/index.php\/wp-json\/wp\/v2\/media?parent=29173"}],"wp:term":[{"taxonomy":"category","embeddable":true,"href":"https:\/\/www.e-anjelik.sk\/index.php\/wp-json\/wp\/v2\/categories?post=29173"},{"taxonomy":"post_tag","embeddable":true,"href":"https:\/\/www.e-anjelik.sk\/index.php\/wp-json\/wp\/v2\/tags?post=29173"}],"curies":[{"name":"wp","href":"https:\/\/api.w.org\/{rel}","templated":true}]}}