{"id":29182,"date":"2015-09-19T09:27:42","date_gmt":"2015-09-19T07:27:42","guid":{"rendered":"http:\/\/www.evanjelik.sk\/?p=29182"},"modified":"2015-09-19T09:27:42","modified_gmt":"2015-09-19T07:27:42","slug":"slovak-bol-menovany-za-biskupa-reykjaviku","status":"publish","type":"post","link":"https:\/\/www.e-anjelik.sk\/index.php\/2015\/09\/19\/slovak-bol-menovany-za-biskupa-reykjaviku\/","title":{"rendered":"Slov\u00e1k bol menovan\u00fd za biskupa Reykjaviku"},"content":{"rendered":"<p>52-ro\u010dn\u00fd kapuc\u00edn D\u00e1vid Tencer, rod\u00e1k z Novej Bane, ktor\u00fd od roku 2004 pracuje ako mision\u00e1r na Islande, bol v t\u00fdchto d\u0148och menovan\u00fd p\u00e1pe\u017eom Franti\u0161kom za nov\u00e9ho biskupa Reykjaviku. R\u00edmskokatol\u00edcka cirkev na Islande tvor\u00ed jednu diec\u00e9zu a m\u00e1 asi 13 tis\u00edc \u010dlenov, roztr\u00fasen\u00fdch po celom ostrove. S\u00fa to v drvivej v\u00e4\u010d\u0161ine cudzinci, \u017eij\u00faci na Islande. Pod\u013ea poslednej \u0161tatistiky za rok 2013 to vyzer\u00e1 takto: Poliaci 10927, Litovci 1659, Filip\u00ednci 558, Portugalci 527, \u0160panieli 325, Taliani 194, Slov\u00e1ci 189, &#8230; Neuv\u00e1dzam in\u00e9 n\u00e1rody, ktor\u00e9 nie s\u00fa v\u00e4\u010d\u0161inovo katol\u00edci. Celkovo m\u00e1 Island 325.671 obyvate\u013eov, z toho k Evanjelicko-luter\u00e1nskej cirkvi patr\u00ed 245.184, \u010do je 75,28 %\u00a0. Celkov\u00fd po\u010det na Islande \u017eij\u00facich cudzincov je 22.744, \u010do je 6.98%.<\/p>\n<p>(z viacer\u00fdch zdrojov na internete)<\/p>\n","protected":false},"excerpt":{"rendered":"<p>52-ro\u010dn\u00fd kapuc\u00edn D\u00e1vid Tencer, rod\u00e1k z Novej Bane, ktor\u00fd od roku 2004 pracuje ako mision\u00e1r na Islande, bol v t\u00fdchto d\u0148och menovan\u00fd p\u00e1pe\u017eom Franti\u0161kom za nov\u00e9ho biskupa Reykjaviku. R\u00edmskokatol\u00edcka cirkev na Islande tvor\u00ed jednu diec\u00e9zu a m\u00e1 asi 13 tis\u00edc \u010dlenov, roztr\u00fasen\u00fdch po celom ostrove. S\u00fa to v drvivej v\u00e4\u010d\u0161ine cudzinci, \u017eij\u00faci na Islande. Pod\u013ea &#8230; <a title=\"Slov\u00e1k bol menovan\u00fd za biskupa Reykjaviku\" class=\"read-more\" href=\"https:\/\/www.e-anjelik.sk\/index.php\/2015\/09\/19\/slovak-bol-menovany-za-biskupa-reykjaviku\/\" aria-label=\"Pre\u010d\u00edtajte si viac o Slov\u00e1k bol menovan\u00fd za biskupa Reykjaviku\">\u010c\u00edta\u0165 viac<\/a><\/p>\n","protected":false},"author":2,"featured_media":0,"comment_status":"open","ping_status":"open","sticky":false,"template":"","format":"standard","meta":{"footnotes":""},"categories":[1],"tags":[],"class_list":["post-29182","post","type-post","status-publish","format-standard","hentry","category-adventna-modlitba"],"_links":{"self":[{"href":"https:\/\/www.e-anjelik.sk\/index.php\/wp-json\/wp\/v2\/posts\/29182","targetHints":{"allow":["GET"]}}],"collection":[{"href":"https:\/\/www.e-anjelik.sk\/index.php\/wp-json\/wp\/v2\/posts"}],"about":[{"href":"https:\/\/www.e-anjelik.sk\/index.php\/wp-json\/wp\/v2\/types\/post"}],"author":[{"embeddable":true,"href":"https:\/\/www.e-anjelik.sk\/index.php\/wp-json\/wp\/v2\/users\/2"}],"replies":[{"embeddable":true,"href":"https:\/\/www.e-anjelik.sk\/index.php\/wp-json\/wp\/v2\/comments?post=29182"}],"version-history":[{"count":0,"href":"https:\/\/www.e-anjelik.sk\/index.php\/wp-json\/wp\/v2\/posts\/29182\/revisions"}],"wp:attachment":[{"href":"https:\/\/www.e-anjelik.sk\/index.php\/wp-json\/wp\/v2\/media?parent=29182"}],"wp:term":[{"taxonomy":"category","embeddable":true,"href":"https:\/\/www.e-anjelik.sk\/index.php\/wp-json\/wp\/v2\/categories?post=29182"},{"taxonomy":"post_tag","embeddable":true,"href":"https:\/\/www.e-anjelik.sk\/index.php\/wp-json\/wp\/v2\/tags?post=29182"}],"curies":[{"name":"wp","href":"https:\/\/api.w.org\/{rel}","templated":true}]}}