{"id":29185,"date":"2015-09-21T10:38:37","date_gmt":"2015-09-21T08:38:37","guid":{"rendered":"http:\/\/www.evanjelik.sk\/?p=29185"},"modified":"2015-09-21T10:38:37","modified_gmt":"2015-09-21T08:38:37","slug":"romovia-protestovali-na-bohosluzbe","status":"publish","type":"post","link":"https:\/\/www.e-anjelik.sk\/index.php\/2015\/09\/21\/romovia-protestovali-na-bohosluzbe\/","title":{"rendered":"R\u00f3movia protestovali na bohoslu\u017ebe"},"content":{"rendered":"<p>V nede\u013eu 20. septembra 2015 sa v hlavnom chr\u00e1me Hamburgu Michel konali predpoludn\u00edm z\u00e1vere\u010dn\u00e9 slu\u017eby Bo\u017eie pre \u00fa\u010dastn\u00edkov 10-d\u0148ovej konzult\u00e1cie partnersk\u00fdch cirkv\u00ed Evanjelickej Severskej cirkvi v Nemecku. Konzult\u00e1cie sa z\u00fa\u010dastnilo 60 deleg\u00e1tov z 32 partnersk\u00fdch cirkv\u00ed sveta. Mottom konzult\u00e1cie bolo: &#8220; Spolo\u010dne \u00eds\u0165 cestou spravodlivosti&#8220;. Po\u010das bohoslu\u017eby protestovala skupina R\u00f3mov z Hamburgu, ktor\u00ed prosili o pomoc. Hroz\u00ed im toti\u017e vyhostenie z Nemecka, lebo im nemeck\u00e9 \u00farady zamietli\u00a0udeli\u0165 azyl s trval\u00fdm pobytom. \u00a0Hovorca R\u00f3mov o .i. apeloval na pr\u00edtomn\u00fdch: &#8220; Pros\u00edm v\u00e1s v\u0161etk\u00fdch v Bo\u017eom mene, pom\u00f4\u017ete n\u00e1m!&#8220; Biskup G. \u00a0Ullrich v k\u00e1zni povedal:&#8220; S\u00facit\u00edm s nimi.&#8220; Vyzval \u00farady, politikov a spolo\u010dnos\u0165 ku spolo\u010dnej pomoci.<\/p>\n<p>(www.nordkirche.de)<\/p>\n","protected":false},"excerpt":{"rendered":"<p>V nede\u013eu 20. septembra 2015 sa v hlavnom chr\u00e1me Hamburgu Michel konali predpoludn\u00edm z\u00e1vere\u010dn\u00e9 slu\u017eby Bo\u017eie pre \u00fa\u010dastn\u00edkov 10-d\u0148ovej konzult\u00e1cie partnersk\u00fdch cirkv\u00ed Evanjelickej Severskej cirkvi v Nemecku. Konzult\u00e1cie sa z\u00fa\u010dastnilo 60 deleg\u00e1tov z 32 partnersk\u00fdch cirkv\u00ed sveta. Mottom konzult\u00e1cie bolo: &#8220; Spolo\u010dne \u00eds\u0165 cestou spravodlivosti&#8220;. Po\u010das bohoslu\u017eby protestovala skupina R\u00f3mov z Hamburgu, ktor\u00ed prosili o &#8230; <a title=\"R\u00f3movia protestovali na bohoslu\u017ebe\" class=\"read-more\" href=\"https:\/\/www.e-anjelik.sk\/index.php\/2015\/09\/21\/romovia-protestovali-na-bohosluzbe\/\" aria-label=\"Pre\u010d\u00edtajte si viac o R\u00f3movia protestovali na bohoslu\u017ebe\">\u010c\u00edta\u0165 viac<\/a><\/p>\n","protected":false},"author":2,"featured_media":0,"comment_status":"open","ping_status":"open","sticky":false,"template":"","format":"standard","meta":{"footnotes":""},"categories":[1],"tags":[],"class_list":["post-29185","post","type-post","status-publish","format-standard","hentry","category-adventna-modlitba"],"_links":{"self":[{"href":"https:\/\/www.e-anjelik.sk\/index.php\/wp-json\/wp\/v2\/posts\/29185","targetHints":{"allow":["GET"]}}],"collection":[{"href":"https:\/\/www.e-anjelik.sk\/index.php\/wp-json\/wp\/v2\/posts"}],"about":[{"href":"https:\/\/www.e-anjelik.sk\/index.php\/wp-json\/wp\/v2\/types\/post"}],"author":[{"embeddable":true,"href":"https:\/\/www.e-anjelik.sk\/index.php\/wp-json\/wp\/v2\/users\/2"}],"replies":[{"embeddable":true,"href":"https:\/\/www.e-anjelik.sk\/index.php\/wp-json\/wp\/v2\/comments?post=29185"}],"version-history":[{"count":0,"href":"https:\/\/www.e-anjelik.sk\/index.php\/wp-json\/wp\/v2\/posts\/29185\/revisions"}],"wp:attachment":[{"href":"https:\/\/www.e-anjelik.sk\/index.php\/wp-json\/wp\/v2\/media?parent=29185"}],"wp:term":[{"taxonomy":"category","embeddable":true,"href":"https:\/\/www.e-anjelik.sk\/index.php\/wp-json\/wp\/v2\/categories?post=29185"},{"taxonomy":"post_tag","embeddable":true,"href":"https:\/\/www.e-anjelik.sk\/index.php\/wp-json\/wp\/v2\/tags?post=29185"}],"curies":[{"name":"wp","href":"https:\/\/api.w.org\/{rel}","templated":true}]}}