{"id":29187,"date":"2015-09-21T11:01:01","date_gmt":"2015-09-21T09:01:01","guid":{"rendered":"http:\/\/www.evanjelik.sk\/?p=29187"},"modified":"2015-09-21T11:01:01","modified_gmt":"2015-09-21T09:01:01","slug":"evanjelici-v-grecku-pomahaju-utecencom","status":"publish","type":"post","link":"https:\/\/www.e-anjelik.sk\/index.php\/2015\/09\/21\/evanjelici-v-grecku-pomahaju-utecencom\/","title":{"rendered":"Evanjelici v Gr\u00e9cku pom\u00e1haj\u00fa ute\u010dencom"},"content":{"rendered":"<p>V Gr\u00e9cku je nieko\u013eko mal\u00fdch evanjelick\u00fdch cirkevn\u00fdch zborov . S\u00fa roztr\u00fasen\u00e9 po celej krajine. Spolu maj\u00fa do 5 tis\u00edc \u010dlenov. Ute\u010denci zaplavuj\u00fa gr\u00e9cke ostrovy a cez Maced\u00f3nsko prech\u00e1dzaj\u00fa strastiplnou cestou do Z\u00e1padnej Eur\u00f3py. 90 km od hrani\u010dn\u00e9ho prechodu sa nach\u00e1dza cirkevn\u00fd zbor Milotopo. Jeho \u010dlenovia ve\u013emi akt\u00edvne pom\u00e1haj\u00fa ute\u010dencom: robia chleb\u00ed\u010dky, pod\u00e1vaj\u00fa vodu, plienky pre deti, hygienick\u00e9 potreby a ovocie. Spr\u00e1vu o tom podal miestny far\u00e1r Meletis Meletiadis. Finan\u010dne cirkevn\u00fdm zborom v Gr\u00e9cku pre t\u00fato pr\u00e1cu pomohol aj Spolok Gustava Adolfa z Wuerttemberska\u00a0 (2.500 eur) a Spolok ev. far\u00e1rov\u00a0 z tej istej spolkovej krajiny (5.000 eur).<\/p>\n<p>(www.elk- wue.de)<\/p>\n<p>&nbsp;<\/p>\n","protected":false},"excerpt":{"rendered":"<p>V Gr\u00e9cku je nieko\u013eko mal\u00fdch evanjelick\u00fdch cirkevn\u00fdch zborov . S\u00fa roztr\u00fasen\u00e9 po celej krajine. Spolu maj\u00fa do 5 tis\u00edc \u010dlenov. Ute\u010denci zaplavuj\u00fa gr\u00e9cke ostrovy a cez Maced\u00f3nsko prech\u00e1dzaj\u00fa strastiplnou cestou do Z\u00e1padnej Eur\u00f3py. 90 km od hrani\u010dn\u00e9ho prechodu sa nach\u00e1dza cirkevn\u00fd zbor Milotopo. Jeho \u010dlenovia ve\u013emi akt\u00edvne pom\u00e1haj\u00fa ute\u010dencom: robia chleb\u00ed\u010dky, pod\u00e1vaj\u00fa vodu, plienky pre &#8230; <a title=\"Evanjelici v Gr\u00e9cku pom\u00e1haj\u00fa ute\u010dencom\" class=\"read-more\" href=\"https:\/\/www.e-anjelik.sk\/index.php\/2015\/09\/21\/evanjelici-v-grecku-pomahaju-utecencom\/\" aria-label=\"Pre\u010d\u00edtajte si viac o Evanjelici v Gr\u00e9cku pom\u00e1haj\u00fa ute\u010dencom\">\u010c\u00edta\u0165 viac<\/a><\/p>\n","protected":false},"author":2,"featured_media":0,"comment_status":"open","ping_status":"open","sticky":false,"template":"","format":"standard","meta":{"footnotes":""},"categories":[1],"tags":[],"class_list":["post-29187","post","type-post","status-publish","format-standard","hentry","category-adventna-modlitba"],"_links":{"self":[{"href":"https:\/\/www.e-anjelik.sk\/index.php\/wp-json\/wp\/v2\/posts\/29187","targetHints":{"allow":["GET"]}}],"collection":[{"href":"https:\/\/www.e-anjelik.sk\/index.php\/wp-json\/wp\/v2\/posts"}],"about":[{"href":"https:\/\/www.e-anjelik.sk\/index.php\/wp-json\/wp\/v2\/types\/post"}],"author":[{"embeddable":true,"href":"https:\/\/www.e-anjelik.sk\/index.php\/wp-json\/wp\/v2\/users\/2"}],"replies":[{"embeddable":true,"href":"https:\/\/www.e-anjelik.sk\/index.php\/wp-json\/wp\/v2\/comments?post=29187"}],"version-history":[{"count":0,"href":"https:\/\/www.e-anjelik.sk\/index.php\/wp-json\/wp\/v2\/posts\/29187\/revisions"}],"wp:attachment":[{"href":"https:\/\/www.e-anjelik.sk\/index.php\/wp-json\/wp\/v2\/media?parent=29187"}],"wp:term":[{"taxonomy":"category","embeddable":true,"href":"https:\/\/www.e-anjelik.sk\/index.php\/wp-json\/wp\/v2\/categories?post=29187"},{"taxonomy":"post_tag","embeddable":true,"href":"https:\/\/www.e-anjelik.sk\/index.php\/wp-json\/wp\/v2\/tags?post=29187"}],"curies":[{"name":"wp","href":"https:\/\/api.w.org\/{rel}","templated":true}]}}