{"id":2919,"date":"2010-06-23T08:24:54","date_gmt":"2010-06-23T08:24:54","guid":{"rendered":"http:\/\/e-anjelik.sk\/?p=2919"},"modified":"2010-06-23T08:24:54","modified_gmt":"2010-06-23T08:24:54","slug":"sud-v-talline-rozhodol-nevratit-evanjelikom-ich-chram","status":"publish","type":"post","link":"https:\/\/www.e-anjelik.sk\/index.php\/2010\/06\/23\/sud-v-talline-rozhodol-nevratit-evanjelikom-ich-chram\/","title":{"rendered":"S\u00fad v Talline rozhodol nevr\u00e1ti\u0165 evanjelikom ich chr\u00e1m"},"content":{"rendered":"<p>S&uacute;d v Talline rozhodol, \u017ee historick&yacute; chr&aacute;m sv. Mikul&aacute;&scaron;a,ktor&eacute;ho vlastn&iacute;kom pred n&aacute;siln&yacute;m od\u0148at&iacute;m komunistick&yacute;m re\u017eimom bola Ev. lut. cirkev v Est&oacute;nsku, mesto nevr&aacute;ti do vlastn&iacute;ctva cirkvi. V s&uacute;\u010dasnosti je chr&aacute;m ako miesto kult&uacute;ry a historickej architekt&uacute;ry eur&oacute;psk&eacute;ho v&yacute;znamu s&uacute;\u010das\u0165ou mestsk&eacute;ho m&uacute;zea a kon&aacute;vaj&uacute; sa v \u0148om koncerty. Ako v jednom z m&aacute;lo chr&aacute;mov po\u010das reform&aacute;cie nebolo jeho vn&uacute;torn&eacute; zariadenie zni\u010den&eacute;, ale zachovan&eacute;.<\/p>\n<p>(<a href=\"http:\/\/www.baznica.info\">www.baznica.info<\/a>)<\/p>\n","protected":false},"excerpt":{"rendered":"<p>S&uacute;d v Talline rozhodol, \u017ee historick&yacute; chr&aacute;m sv. Mikul&aacute;&scaron;a,ktor&eacute;ho vlastn&iacute;kom pred n&aacute;siln&yacute;m od\u0148at&iacute;m komunistick&yacute;m re\u017eimom bola Ev. lut. cirkev v Est&oacute;nsku, mesto nevr&aacute;ti do vlastn&iacute;ctva cirkvi. V s&uacute;\u010dasnosti je chr&aacute;m ako miesto kult&uacute;ry a historickej architekt&uacute;ry eur&oacute;psk&eacute;ho v&yacute;znamu s&uacute;\u010das\u0165ou mestsk&eacute;ho m&uacute;zea a kon&aacute;vaj&uacute; sa v \u0148om koncerty. Ako v jednom z m&aacute;lo chr&aacute;mov po\u010das reform&aacute;cie &#8230; <a title=\"S\u00fad v Talline rozhodol nevr\u00e1ti\u0165 evanjelikom ich chr\u00e1m\" class=\"read-more\" href=\"https:\/\/www.e-anjelik.sk\/index.php\/2010\/06\/23\/sud-v-talline-rozhodol-nevratit-evanjelikom-ich-chram\/\" aria-label=\"Pre\u010d\u00edtajte si viac o S\u00fad v Talline rozhodol nevr\u00e1ti\u0165 evanjelikom ich chr\u00e1m\">\u010c\u00edta\u0165 viac<\/a><\/p>\n","protected":false},"author":22,"featured_media":0,"comment_status":"open","ping_status":"open","sticky":false,"template":"","format":"standard","meta":{"footnotes":""},"categories":[20,10],"tags":[],"class_list":["post-2919","post","type-post","status-publish","format-standard","hentry","category-baltikum","category-zo-sveta"],"_links":{"self":[{"href":"https:\/\/www.e-anjelik.sk\/index.php\/wp-json\/wp\/v2\/posts\/2919","targetHints":{"allow":["GET"]}}],"collection":[{"href":"https:\/\/www.e-anjelik.sk\/index.php\/wp-json\/wp\/v2\/posts"}],"about":[{"href":"https:\/\/www.e-anjelik.sk\/index.php\/wp-json\/wp\/v2\/types\/post"}],"author":[{"embeddable":true,"href":"https:\/\/www.e-anjelik.sk\/index.php\/wp-json\/wp\/v2\/users\/22"}],"replies":[{"embeddable":true,"href":"https:\/\/www.e-anjelik.sk\/index.php\/wp-json\/wp\/v2\/comments?post=2919"}],"version-history":[{"count":0,"href":"https:\/\/www.e-anjelik.sk\/index.php\/wp-json\/wp\/v2\/posts\/2919\/revisions"}],"wp:attachment":[{"href":"https:\/\/www.e-anjelik.sk\/index.php\/wp-json\/wp\/v2\/media?parent=2919"}],"wp:term":[{"taxonomy":"category","embeddable":true,"href":"https:\/\/www.e-anjelik.sk\/index.php\/wp-json\/wp\/v2\/categories?post=2919"},{"taxonomy":"post_tag","embeddable":true,"href":"https:\/\/www.e-anjelik.sk\/index.php\/wp-json\/wp\/v2\/tags?post=2919"}],"curies":[{"name":"wp","href":"https:\/\/api.w.org\/{rel}","templated":true}]}}