{"id":29192,"date":"2015-09-23T09:49:19","date_gmt":"2015-09-23T07:49:19","guid":{"rendered":"http:\/\/www.evanjelik.sk\/?p=29192"},"modified":"2015-09-23T09:49:19","modified_gmt":"2015-09-23T07:49:19","slug":"zasadala-synoda-delku","status":"publish","type":"post","link":"https:\/\/www.e-anjelik.sk\/index.php\/2015\/09\/23\/zasadala-synoda-delku\/","title":{"rendered":"Zasadala synoda DELKU"},"content":{"rendered":"<p>8.-10. septembra 2015 sa v kostole sv. Katar\u00edny v Dnepropetrovsku\u00a0 konalo 2. zasadanie synody DELKU (Nemeckej evanjelicko-luter\u00e1nskej cirkvi Ukrajiny). Prv\u00fd raz sa na synode nez\u00fa\u010dastnili cirkevn\u00e9 zbory z Krymu, ktor\u00e9 sa dobrovo\u013ene rozhodli za\u010dleni\u0165 k cirkvi v Ruskej feder\u00e1cii. Synoda skon\u0161tatovala, \u017ee v s\u00fa\u010dasnosti k DELKU je zaregistrovan\u00fdch 21 cirkevn\u00fdch zborov. Probl\u00e9mom ost\u00e1vaj\u00fa tri cirkevn\u00e9 zbory na v\u00fdchodnej Ukrajine, kde sa ved\u00fa boje a ktor\u00e9 ovl\u00e1daj\u00fa separatisti. Hodnotiaca spr\u00e1va so \u017eia\u013eom spom\u00edna o probl\u00e9moch: zadr\u017eiavanie vlastn\u00edctva cirkevn\u00fdch budov, nedostatok finan\u010dn\u00fdch prostriedkov, nevypl\u00e1canie platov pastorom, vyl\u00fa\u010denie z radov duchovn\u00fdch pastora Alexandra Grossa. Pozit\u00edvami je duchovn\u00e9 prebudenie sa mnoh\u00fdch zborov, akt\u00edvna pr\u00e1ca diakonie a prihl\u00e1senie sa 20 \u010dlenov cirkvi na dia\u013ekov\u00e9 \u0161t\u00fadium na teologickom semin\u00e1ri v Novosaratovke.<\/p>\n<p>(www.elkras.ru)<br \/>\n.<\/p>\n","protected":false},"excerpt":{"rendered":"<p>8.-10. septembra 2015 sa v kostole sv. Katar\u00edny v Dnepropetrovsku\u00a0 konalo 2. zasadanie synody DELKU (Nemeckej evanjelicko-luter\u00e1nskej cirkvi Ukrajiny). Prv\u00fd raz sa na synode nez\u00fa\u010dastnili cirkevn\u00e9 zbory z Krymu, ktor\u00e9 sa dobrovo\u013ene rozhodli za\u010dleni\u0165 k cirkvi v Ruskej feder\u00e1cii. Synoda skon\u0161tatovala, \u017ee v s\u00fa\u010dasnosti k DELKU je zaregistrovan\u00fdch 21 cirkevn\u00fdch zborov. Probl\u00e9mom ost\u00e1vaj\u00fa tri cirkevn\u00e9 &#8230; <a title=\"Zasadala synoda DELKU\" class=\"read-more\" href=\"https:\/\/www.e-anjelik.sk\/index.php\/2015\/09\/23\/zasadala-synoda-delku\/\" aria-label=\"Pre\u010d\u00edtajte si viac o Zasadala synoda DELKU\">\u010c\u00edta\u0165 viac<\/a><\/p>\n","protected":false},"author":2,"featured_media":0,"comment_status":"open","ping_status":"open","sticky":false,"template":"","format":"standard","meta":{"footnotes":""},"categories":[1],"tags":[],"class_list":["post-29192","post","type-post","status-publish","format-standard","hentry","category-adventna-modlitba"],"_links":{"self":[{"href":"https:\/\/www.e-anjelik.sk\/index.php\/wp-json\/wp\/v2\/posts\/29192","targetHints":{"allow":["GET"]}}],"collection":[{"href":"https:\/\/www.e-anjelik.sk\/index.php\/wp-json\/wp\/v2\/posts"}],"about":[{"href":"https:\/\/www.e-anjelik.sk\/index.php\/wp-json\/wp\/v2\/types\/post"}],"author":[{"embeddable":true,"href":"https:\/\/www.e-anjelik.sk\/index.php\/wp-json\/wp\/v2\/users\/2"}],"replies":[{"embeddable":true,"href":"https:\/\/www.e-anjelik.sk\/index.php\/wp-json\/wp\/v2\/comments?post=29192"}],"version-history":[{"count":0,"href":"https:\/\/www.e-anjelik.sk\/index.php\/wp-json\/wp\/v2\/posts\/29192\/revisions"}],"wp:attachment":[{"href":"https:\/\/www.e-anjelik.sk\/index.php\/wp-json\/wp\/v2\/media?parent=29192"}],"wp:term":[{"taxonomy":"category","embeddable":true,"href":"https:\/\/www.e-anjelik.sk\/index.php\/wp-json\/wp\/v2\/categories?post=29192"},{"taxonomy":"post_tag","embeddable":true,"href":"https:\/\/www.e-anjelik.sk\/index.php\/wp-json\/wp\/v2\/tags?post=29192"}],"curies":[{"name":"wp","href":"https:\/\/api.w.org\/{rel}","templated":true}]}}