{"id":29194,"date":"2015-09-23T10:10:40","date_gmt":"2015-09-23T08:10:40","guid":{"rendered":"http:\/\/www.evanjelik.sk\/?p=29194"},"modified":"2015-09-23T10:10:40","modified_gmt":"2015-09-23T08:10:40","slug":"sympozium-pre-pastorov-wels-a-els-v-usa","status":"publish","type":"post","link":"https:\/\/www.e-anjelik.sk\/index.php\/2015\/09\/23\/sympozium-pre-pastorov-wels-a-els-v-usa\/","title":{"rendered":"Symp\u00f3zium pre pastorov WELS a ELS v USA"},"content":{"rendered":"<p>V d\u0148och 21. a 22. septembra t.r. sa na Wisconsinskom luter\u00e1nskom semin\u00e1ri v Mequon , Wis. konalo symp\u00f3zium pre pastorov Wisconsin Evangelical Lutheran Synod (WELS) a Evangelical Lutheran Synod (ELS). T\u00e9mou symp\u00f3zia bolo : &#8222;Pastor ako u\u010dite\u013e&#8220;. V troch predn\u00e1\u0161kach sa duchovn\u00ed vzdel\u00e1vali v oblasti pedagogiky, biblistiky a metodiky. Pastori \u010dasto vyu\u010duj\u00fa. Pr\u00edkladom vyu\u010dovania je Je\u017ei\u0161 Kristus. On u\u010dil \u013eud\u00ed cestu \u017eivotom. Aj pastori maj\u00fa nielen u\u010di\u0165, ale priv\u00e1dza\u0165 \u013eud\u00ed k osobnej viere. Vyu\u017e\u00edva\u0165 na to maj\u00fa s\u00fa\u010dasn\u00e9 prostriedky a jazyk.<\/p>\n<p>(www.wels.net)<\/p>\n","protected":false},"excerpt":{"rendered":"<p>V d\u0148och 21. a 22. septembra t.r. sa na Wisconsinskom luter\u00e1nskom semin\u00e1ri v Mequon , Wis. konalo symp\u00f3zium pre pastorov Wisconsin Evangelical Lutheran Synod (WELS) a Evangelical Lutheran Synod (ELS). T\u00e9mou symp\u00f3zia bolo : &#8222;Pastor ako u\u010dite\u013e&#8220;. V troch predn\u00e1\u0161kach sa duchovn\u00ed vzdel\u00e1vali v oblasti pedagogiky, biblistiky a metodiky. Pastori \u010dasto vyu\u010duj\u00fa. Pr\u00edkladom vyu\u010dovania je &#8230; <a title=\"Symp\u00f3zium pre pastorov WELS a ELS v USA\" class=\"read-more\" href=\"https:\/\/www.e-anjelik.sk\/index.php\/2015\/09\/23\/sympozium-pre-pastorov-wels-a-els-v-usa\/\" aria-label=\"Pre\u010d\u00edtajte si viac o Symp\u00f3zium pre pastorov WELS a ELS v USA\">\u010c\u00edta\u0165 viac<\/a><\/p>\n","protected":false},"author":2,"featured_media":0,"comment_status":"open","ping_status":"open","sticky":false,"template":"","format":"standard","meta":{"footnotes":""},"categories":[1],"tags":[],"class_list":["post-29194","post","type-post","status-publish","format-standard","hentry","category-adventna-modlitba"],"_links":{"self":[{"href":"https:\/\/www.e-anjelik.sk\/index.php\/wp-json\/wp\/v2\/posts\/29194","targetHints":{"allow":["GET"]}}],"collection":[{"href":"https:\/\/www.e-anjelik.sk\/index.php\/wp-json\/wp\/v2\/posts"}],"about":[{"href":"https:\/\/www.e-anjelik.sk\/index.php\/wp-json\/wp\/v2\/types\/post"}],"author":[{"embeddable":true,"href":"https:\/\/www.e-anjelik.sk\/index.php\/wp-json\/wp\/v2\/users\/2"}],"replies":[{"embeddable":true,"href":"https:\/\/www.e-anjelik.sk\/index.php\/wp-json\/wp\/v2\/comments?post=29194"}],"version-history":[{"count":0,"href":"https:\/\/www.e-anjelik.sk\/index.php\/wp-json\/wp\/v2\/posts\/29194\/revisions"}],"wp:attachment":[{"href":"https:\/\/www.e-anjelik.sk\/index.php\/wp-json\/wp\/v2\/media?parent=29194"}],"wp:term":[{"taxonomy":"category","embeddable":true,"href":"https:\/\/www.e-anjelik.sk\/index.php\/wp-json\/wp\/v2\/categories?post=29194"},{"taxonomy":"post_tag","embeddable":true,"href":"https:\/\/www.e-anjelik.sk\/index.php\/wp-json\/wp\/v2\/tags?post=29194"}],"curies":[{"name":"wp","href":"https:\/\/api.w.org\/{rel}","templated":true}]}}