{"id":29197,"date":"2015-09-25T03:17:26","date_gmt":"2015-09-25T01:17:26","guid":{"rendered":"http:\/\/www.evanjelik.sk\/?p=29197"},"modified":"2015-09-25T03:17:26","modified_gmt":"2015-09-25T01:17:26","slug":"konferencia-ilc-v-argentine","status":"publish","type":"post","link":"https:\/\/www.e-anjelik.sk\/index.php\/2015\/09\/25\/konferencia-ilc-v-argentine\/","title":{"rendered":"Konferencia ILC v Argent\u00edne"},"content":{"rendered":"<p>Vo \u00a0\u0161tvrtok 24. septembra 2015 sa v hlavnom meste Argent\u00edny Buenos Aires za\u010dala 25. konferencia Medzin\u00e1rodnej luter\u00e1nskej rady (ILC). Je to zdru\u017eenie konfesion\u00e1lnych luter\u00e1nskych cirkv\u00ed, ktor\u00e9 hl\u00e1saj\u00fa evanjelium Je\u017ei\u0161a Krista na z\u00e1klade bezpodmiene\u010dn\u00e9ho z\u00e1v\u00e4zku ako in\u0161pirovan\u00e9 a neomyln\u00e9 Bo\u017eie Slovo a na z\u00e1klade luter\u00e1nskeho vyznania obsiahnut\u00e9ho v Knihe Svornosti ako pravdiv\u00fd a vern\u00fd v\u00fdklad Bo\u017eieho Slova. \u010clensk\u00e9 cirkvi ILC a jej priatelia sa sch\u00e1dzaj\u00fa ka\u017ed\u00e9 tri roky, aby vykonali vo\u013eby, diskutovali o v\u00fdzvach a pr\u00edle\u017eitostiach, ktor\u00fdm \u010del\u00ed cirkev. T\u00e9mou konferencie je &#8222;Prin\u00e1\u0161a\u0165 reform\u00e1ciu do sveta.&#8220; Na \u00favod sa konali slu\u017eby Bo\u017eie a k\u00e1z\u0148ou predsedu ILC, biskupa SELK z Nemecka\u00a0H.J . Voigta na text o milosrdnom samarit\u00e1novi. V \u00favodnej predn\u00e1\u0161ke k t\u00e9me hovoril Rev. Alexej Strelcov, rektor luter\u00e1nskeho semin\u00e1ra Sib\u00edrskej evanjelicko-luter\u00e1nskej cirkvi v Rusku. Deleg\u00e1ti konferencie v priebehu zasadan\u00ed presk\u00famaj\u00fa \u017eiadosti 5 cirkv\u00ed o \u010dlenstvo v ILC. S\u00fa to cirkvi z N\u00f3rska a Ruska, Ju\u017en\u00e9ho Sud\u00e1nu a Lib\u00e9rie a z Nikaraguy. Konferencia sa skon\u010d\u00ed v nede\u013eu 27. septembra 2015.<\/p>\n<p>(www.ilc-online.org)<\/p>\n","protected":false},"excerpt":{"rendered":"<p>Vo \u00a0\u0161tvrtok 24. septembra 2015 sa v hlavnom meste Argent\u00edny Buenos Aires za\u010dala 25. konferencia Medzin\u00e1rodnej luter\u00e1nskej rady (ILC). Je to zdru\u017eenie konfesion\u00e1lnych luter\u00e1nskych cirkv\u00ed, ktor\u00e9 hl\u00e1saj\u00fa evanjelium Je\u017ei\u0161a Krista na z\u00e1klade bezpodmiene\u010dn\u00e9ho z\u00e1v\u00e4zku ako in\u0161pirovan\u00e9 a neomyln\u00e9 Bo\u017eie Slovo a na z\u00e1klade luter\u00e1nskeho vyznania obsiahnut\u00e9ho v Knihe Svornosti ako pravdiv\u00fd a vern\u00fd v\u00fdklad Bo\u017eieho &#8230; <a title=\"Konferencia ILC v Argent\u00edne\" class=\"read-more\" href=\"https:\/\/www.e-anjelik.sk\/index.php\/2015\/09\/25\/konferencia-ilc-v-argentine\/\" aria-label=\"Pre\u010d\u00edtajte si viac o Konferencia ILC v Argent\u00edne\">\u010c\u00edta\u0165 viac<\/a><\/p>\n","protected":false},"author":2,"featured_media":0,"comment_status":"open","ping_status":"open","sticky":false,"template":"","format":"standard","meta":{"footnotes":""},"categories":[1],"tags":[],"class_list":["post-29197","post","type-post","status-publish","format-standard","hentry","category-adventna-modlitba"],"_links":{"self":[{"href":"https:\/\/www.e-anjelik.sk\/index.php\/wp-json\/wp\/v2\/posts\/29197","targetHints":{"allow":["GET"]}}],"collection":[{"href":"https:\/\/www.e-anjelik.sk\/index.php\/wp-json\/wp\/v2\/posts"}],"about":[{"href":"https:\/\/www.e-anjelik.sk\/index.php\/wp-json\/wp\/v2\/types\/post"}],"author":[{"embeddable":true,"href":"https:\/\/www.e-anjelik.sk\/index.php\/wp-json\/wp\/v2\/users\/2"}],"replies":[{"embeddable":true,"href":"https:\/\/www.e-anjelik.sk\/index.php\/wp-json\/wp\/v2\/comments?post=29197"}],"version-history":[{"count":0,"href":"https:\/\/www.e-anjelik.sk\/index.php\/wp-json\/wp\/v2\/posts\/29197\/revisions"}],"wp:attachment":[{"href":"https:\/\/www.e-anjelik.sk\/index.php\/wp-json\/wp\/v2\/media?parent=29197"}],"wp:term":[{"taxonomy":"category","embeddable":true,"href":"https:\/\/www.e-anjelik.sk\/index.php\/wp-json\/wp\/v2\/categories?post=29197"},{"taxonomy":"post_tag","embeddable":true,"href":"https:\/\/www.e-anjelik.sk\/index.php\/wp-json\/wp\/v2\/tags?post=29197"}],"curies":[{"name":"wp","href":"https:\/\/api.w.org\/{rel}","templated":true}]}}