{"id":2920,"date":"2010-06-23T08:55:22","date_gmt":"2010-06-23T08:55:22","guid":{"rendered":"http:\/\/e-anjelik.sk\/?p=2920"},"modified":"2010-06-23T08:55:22","modified_gmt":"2010-06-23T08:55:22","slug":"po-stopach-m-luthera-do-rima-na-bicykloch","status":"publish","type":"post","link":"https:\/\/www.e-anjelik.sk\/index.php\/2010\/06\/23\/po-stopach-m-luthera-do-rima-na-bicykloch\/","title":{"rendered":"Po stop\u00e1ch M. Luthera do R\u00edma na bicykloch"},"content":{"rendered":"<p>Od 22. augusta a\u017e do 11. septembra t.r. p&ocirc;jde na bicykloch po stop&aacute;ch reform&aacute;tora Martina Luthera do R&iacute;ma skupina veriacich SELK pod veden&iacute;m zborov&eacute;ho far&aacute;ra tejto cirkvi Lienharda Kruegera z Halle\/Saale. Chc&uacute; napodobni\u0165 cestu reform&aacute;tora do R&iacute;ma v rokoch 1510\/11. T&aacute;to p&uacute;\u0165 na bicykloch sa kon&aacute; po p&auml;\u0165sto rokoch&nbsp; po Lutherovi.&nbsp; Tra\u0165 meria ca 1500 km. N&aacute;klady na cestu asi 800 &euro; na osobu. V skupine cyklistov s&uacute; prihl&aacute;sen&iacute;&nbsp; \u013eudia od 17 do 69 rokov.<\/p>\n<p>(<a href=\"http:\/\/www.selk.de\">www.selk.de<\/a>)<\/p>\n","protected":false},"excerpt":{"rendered":"<p>Od 22. augusta a\u017e do 11. septembra t.r. p&ocirc;jde na bicykloch po stop&aacute;ch reform&aacute;tora Martina Luthera do R&iacute;ma skupina veriacich SELK pod veden&iacute;m zborov&eacute;ho far&aacute;ra tejto cirkvi Lienharda Kruegera z Halle\/Saale. Chc&uacute; napodobni\u0165 cestu reform&aacute;tora do R&iacute;ma v rokoch 1510\/11. T&aacute;to p&uacute;\u0165 na bicykloch sa kon&aacute; po p&auml;\u0165sto rokoch&nbsp; po Lutherovi.&nbsp; Tra\u0165 meria ca 1500 &#8230; <a title=\"Po stop\u00e1ch M. Luthera do R\u00edma na bicykloch\" class=\"read-more\" href=\"https:\/\/www.e-anjelik.sk\/index.php\/2010\/06\/23\/po-stopach-m-luthera-do-rima-na-bicykloch\/\" aria-label=\"Pre\u010d\u00edtajte si viac o Po stop\u00e1ch M. Luthera do R\u00edma na bicykloch\">\u010c\u00edta\u0165 viac<\/a><\/p>\n","protected":false},"author":22,"featured_media":0,"comment_status":"open","ping_status":"open","sticky":false,"template":"","format":"standard","meta":{"footnotes":""},"categories":[9,10],"tags":[],"class_list":["post-2920","post","type-post","status-publish","format-standard","hentry","category-europa","category-zo-sveta"],"_links":{"self":[{"href":"https:\/\/www.e-anjelik.sk\/index.php\/wp-json\/wp\/v2\/posts\/2920","targetHints":{"allow":["GET"]}}],"collection":[{"href":"https:\/\/www.e-anjelik.sk\/index.php\/wp-json\/wp\/v2\/posts"}],"about":[{"href":"https:\/\/www.e-anjelik.sk\/index.php\/wp-json\/wp\/v2\/types\/post"}],"author":[{"embeddable":true,"href":"https:\/\/www.e-anjelik.sk\/index.php\/wp-json\/wp\/v2\/users\/22"}],"replies":[{"embeddable":true,"href":"https:\/\/www.e-anjelik.sk\/index.php\/wp-json\/wp\/v2\/comments?post=2920"}],"version-history":[{"count":0,"href":"https:\/\/www.e-anjelik.sk\/index.php\/wp-json\/wp\/v2\/posts\/2920\/revisions"}],"wp:attachment":[{"href":"https:\/\/www.e-anjelik.sk\/index.php\/wp-json\/wp\/v2\/media?parent=2920"}],"wp:term":[{"taxonomy":"category","embeddable":true,"href":"https:\/\/www.e-anjelik.sk\/index.php\/wp-json\/wp\/v2\/categories?post=2920"},{"taxonomy":"post_tag","embeddable":true,"href":"https:\/\/www.e-anjelik.sk\/index.php\/wp-json\/wp\/v2\/tags?post=2920"}],"curies":[{"name":"wp","href":"https:\/\/api.w.org\/{rel}","templated":true}]}}