{"id":29208,"date":"2015-10-01T05:51:50","date_gmt":"2015-10-01T03:51:50","guid":{"rendered":"http:\/\/www.evanjelik.sk\/?p=29208"},"modified":"2015-10-01T05:51:50","modified_gmt":"2015-10-01T03:51:50","slug":"perla-povazia-v-jeseni","status":"publish","type":"post","link":"https:\/\/www.e-anjelik.sk\/index.php\/2015\/10\/01\/perla-povazia-v-jeseni\/","title":{"rendered":"Perla Pova\u017eia v jeseni"},"content":{"rendered":"<p>V\u010dera som pricestoval na lie\u010denie do Tren\u010dianskych Tepl\u00edc. Ich poetick\u00fd n\u00e1zov je Perla Pova\u017eia. Le\u017eia v peknom \u00fadol\u00ed medzi zalesnen\u00fdmi horami. S\u00fa ch\u00fdrne svojimi lie\u010div\u00fdmi prame\u0148mi, v ktor\u00fdch \u013eudia h\u013eadaj\u00fa pomoc pri pohybov\u00fdch a neurologick\u00fdch \u0165a\u017ekostiach. Ak vyslov\u00edme n\u00e1zov Haman, Sina, Zelen\u00e1 \u017eaba, Bara\u010dka, Krym, Pax a v ostatnych rokoch aj Elektr\u00e1re\u0148 nechv\u00e1lneho politika, vieme, \u017ee ide o Trencianske Teplice. \u010cist\u00fd vzduch a ticho pridavaj\u00fa na ich ob\u013e\u00fabenosti . \u00a0Teraz v jeseni je tu menej pacientov i turistov, vl\u00e1dne ticho a ist\u00e1 jesenna du\u0161i\u010dkov\u00e1 n\u00e1lada. To n\u00e1s nab\u00e1da na st\u00ed\u0161enie, zastavenie sa a na meditacie. Veriaca du\u0161a m\u00f4\u017ee vyzna\u0165 : Nech Mu je mil\u00e9 moje prem\u00fd\u0161\u013eanie! Ja sa budem radova\u0165 v Hospodinu. \u017d 104, 34<\/p>\n","protected":false},"excerpt":{"rendered":"<p>V\u010dera som pricestoval na lie\u010denie do Tren\u010dianskych Tepl\u00edc. Ich poetick\u00fd n\u00e1zov je Perla Pova\u017eia. Le\u017eia v peknom \u00fadol\u00ed medzi zalesnen\u00fdmi horami. S\u00fa ch\u00fdrne svojimi lie\u010div\u00fdmi prame\u0148mi, v ktor\u00fdch \u013eudia h\u013eadaj\u00fa pomoc pri pohybov\u00fdch a neurologick\u00fdch \u0165a\u017ekostiach. Ak vyslov\u00edme n\u00e1zov Haman, Sina, Zelen\u00e1 \u017eaba, Bara\u010dka, Krym, Pax a v ostatnych rokoch aj Elektr\u00e1re\u0148 nechv\u00e1lneho politika, vieme, &#8230; <a title=\"Perla Pova\u017eia v jeseni\" class=\"read-more\" href=\"https:\/\/www.e-anjelik.sk\/index.php\/2015\/10\/01\/perla-povazia-v-jeseni\/\" aria-label=\"Pre\u010d\u00edtajte si viac o Perla Pova\u017eia v jeseni\">\u010c\u00edta\u0165 viac<\/a><\/p>\n","protected":false},"author":2,"featured_media":0,"comment_status":"open","ping_status":"open","sticky":false,"template":"","format":"standard","meta":{"footnotes":""},"categories":[1],"tags":[],"class_list":["post-29208","post","type-post","status-publish","format-standard","hentry","category-adventna-modlitba"],"_links":{"self":[{"href":"https:\/\/www.e-anjelik.sk\/index.php\/wp-json\/wp\/v2\/posts\/29208","targetHints":{"allow":["GET"]}}],"collection":[{"href":"https:\/\/www.e-anjelik.sk\/index.php\/wp-json\/wp\/v2\/posts"}],"about":[{"href":"https:\/\/www.e-anjelik.sk\/index.php\/wp-json\/wp\/v2\/types\/post"}],"author":[{"embeddable":true,"href":"https:\/\/www.e-anjelik.sk\/index.php\/wp-json\/wp\/v2\/users\/2"}],"replies":[{"embeddable":true,"href":"https:\/\/www.e-anjelik.sk\/index.php\/wp-json\/wp\/v2\/comments?post=29208"}],"version-history":[{"count":0,"href":"https:\/\/www.e-anjelik.sk\/index.php\/wp-json\/wp\/v2\/posts\/29208\/revisions"}],"wp:attachment":[{"href":"https:\/\/www.e-anjelik.sk\/index.php\/wp-json\/wp\/v2\/media?parent=29208"}],"wp:term":[{"taxonomy":"category","embeddable":true,"href":"https:\/\/www.e-anjelik.sk\/index.php\/wp-json\/wp\/v2\/categories?post=29208"},{"taxonomy":"post_tag","embeddable":true,"href":"https:\/\/www.e-anjelik.sk\/index.php\/wp-json\/wp\/v2\/tags?post=29208"}],"curies":[{"name":"wp","href":"https:\/\/api.w.org\/{rel}","templated":true}]}}