{"id":29215,"date":"2015-10-05T16:58:50","date_gmt":"2015-10-05T14:58:50","guid":{"rendered":"http:\/\/www.evanjelik.sk\/?p=29215"},"modified":"2015-10-05T16:58:50","modified_gmt":"2015-10-05T14:58:50","slug":"vyhlasenie-viceprezidentov-slz","status":"publish","type":"post","link":"https:\/\/www.e-anjelik.sk\/index.php\/2015\/10\/05\/vyhlasenie-viceprezidentov-slz\/","title":{"rendered":"Vyhl\u00e1senie viceprezidentov SLZ"},"content":{"rendered":"<p>V d\u0148och 2. a 3. oktobra t. r. nav\u0161t\u00edvili viceprezidenti SLZ \u00a0pre eur\u00f3pske regi\u00f3ny Evanjelick\u00fa cirkev v MR. Prijal ich v Budape\u0161ti biskup Fabiny Tam\u00e1s. Cie\u013eom n\u00e1v\u0161tevy bola situ\u00e1cia migrantov. Hostia si vypo\u010duli podrobn\u00fa informaciu o pomoci a slu\u017ebe diakonie migrantom v Ma\u010farsku. Referovali zodpovedn\u00ed pracovn\u00edci v tejto oblasti. Hostitelia im umo\u017enili nav\u0161t\u00edvi\u0165 jedno zariadenie pre pomoc odk\u00e1zan\u00fdm na soci\u00e1lne slu\u017eby. V sobotu viceprezidenti vydali spolo\u010dn\u00e9 vyhl\u00e1senie. V \u0148om \u010fakuj\u00fa Ev. Cirkvi v MR za doteraz vykonan\u00fa slu\u017ebu migrantom. Kon\u0161tatuj\u00fa , \u017ee SLZ sa v s\u00fa\u010dasnosti star\u00e1 o 2 mili\u00f4ny ute\u010dencov vo svete. Tohto roku je pre t\u00fato oblas\u0165 ur\u010den\u00fdch 200 mil. \u20ac. Vyz\u00fdvaj\u00fa \u010dlensk\u00e9 cirkvi SLZ v Eur\u00f3pe, aby sa intenz\u00edvne zapojili do pomoci prj\u00edmania ute\u010dencov, a to z dlhodob\u00e9ho h\u013eadiska. V Eur\u00f3pe \u017eije 40 mil. evanjelikov, z celkov\u00e9ho po\u010dtu 72 mil. VV\u010dlensk\u00fdch cirkv\u00e1ch SLZ vo svete. Signat\u00e1ri v\u00fdzvy pripom\u00ednaj\u00fa, \u017ee uplynulo 25 rokov od p\u00e1du berl\u00ednskeho m\u00faru, a preto dnes treba ma\u0165 otvoren\u00e9 hranice a nestava\u0165 ploty a m\u00fary na hraniciach. Bude treba osobitnej pomoci pri ute\u010dencoch v Turecku, Jord\u00e1nsku a v Libanone. Vyhl\u00e1senie sa obracia aj na zodpovedn\u00fdch \u0161t\u00e1tnikov v probl\u00e9mov\u00fdch krajin\u00e1ch, odkia\u013e utekaj\u00fa \u013eudia, aby vytvorili tak\u00e9 podmienky, aby ich ob\u010danie nemuseli uteka\u0165. V tejto oblasti maj\u00fa vyvin\u00fa\u0165 lep\u0161ie aktivity aj medzin\u00e1rodn\u00e9 organiz\u00e1cie.<\/p>\n<p>Vyhl\u00e1senie podp\u00edsali: biskupka z Oslo Helga Haugland Byfuglien, viceprezidentka SLZ za regi\u00f3n Severnej Eur\u00f3py, krajinsk\u00fd biskup zo \u0160tuttgartu Frank Otfried July, za regi\u00f3n Strednej a Z\u00e1padnej Eur\u00f3py a biskup z Budape\u0161ti Fabiny Tamas, za regi\u00f3n V\u00fdchodnej Eur\u00f3py.<\/p>\n<p>(www.evangelikus.hu)<\/p>\n<p>&nbsp;<\/p>\n<p>&nbsp;<\/p>\n<p>&nbsp;<\/p>\n<p>&nbsp;<\/p>\n<p>&nbsp;<\/p>\n","protected":false},"excerpt":{"rendered":"<p>V d\u0148och 2. a 3. oktobra t. r. nav\u0161t\u00edvili viceprezidenti SLZ \u00a0pre eur\u00f3pske regi\u00f3ny Evanjelick\u00fa cirkev v MR. Prijal ich v Budape\u0161ti biskup Fabiny Tam\u00e1s. Cie\u013eom n\u00e1v\u0161tevy bola situ\u00e1cia migrantov. Hostia si vypo\u010duli podrobn\u00fa informaciu o pomoci a slu\u017ebe diakonie migrantom v Ma\u010farsku. Referovali zodpovedn\u00ed pracovn\u00edci v tejto oblasti. Hostitelia im umo\u017enili nav\u0161t\u00edvi\u0165 jedno zariadenie &#8230; <a title=\"Vyhl\u00e1senie viceprezidentov SLZ\" class=\"read-more\" href=\"https:\/\/www.e-anjelik.sk\/index.php\/2015\/10\/05\/vyhlasenie-viceprezidentov-slz\/\" aria-label=\"Pre\u010d\u00edtajte si viac o Vyhl\u00e1senie viceprezidentov SLZ\">\u010c\u00edta\u0165 viac<\/a><\/p>\n","protected":false},"author":2,"featured_media":0,"comment_status":"open","ping_status":"open","sticky":false,"template":"","format":"standard","meta":{"footnotes":""},"categories":[1],"tags":[],"class_list":["post-29215","post","type-post","status-publish","format-standard","hentry","category-adventna-modlitba"],"_links":{"self":[{"href":"https:\/\/www.e-anjelik.sk\/index.php\/wp-json\/wp\/v2\/posts\/29215","targetHints":{"allow":["GET"]}}],"collection":[{"href":"https:\/\/www.e-anjelik.sk\/index.php\/wp-json\/wp\/v2\/posts"}],"about":[{"href":"https:\/\/www.e-anjelik.sk\/index.php\/wp-json\/wp\/v2\/types\/post"}],"author":[{"embeddable":true,"href":"https:\/\/www.e-anjelik.sk\/index.php\/wp-json\/wp\/v2\/users\/2"}],"replies":[{"embeddable":true,"href":"https:\/\/www.e-anjelik.sk\/index.php\/wp-json\/wp\/v2\/comments?post=29215"}],"version-history":[{"count":0,"href":"https:\/\/www.e-anjelik.sk\/index.php\/wp-json\/wp\/v2\/posts\/29215\/revisions"}],"wp:attachment":[{"href":"https:\/\/www.e-anjelik.sk\/index.php\/wp-json\/wp\/v2\/media?parent=29215"}],"wp:term":[{"taxonomy":"category","embeddable":true,"href":"https:\/\/www.e-anjelik.sk\/index.php\/wp-json\/wp\/v2\/categories?post=29215"},{"taxonomy":"post_tag","embeddable":true,"href":"https:\/\/www.e-anjelik.sk\/index.php\/wp-json\/wp\/v2\/tags?post=29215"}],"curies":[{"name":"wp","href":"https:\/\/api.w.org\/{rel}","templated":true}]}}