{"id":2922,"date":"2010-06-24T08:32:30","date_gmt":"2010-06-24T08:32:30","guid":{"rendered":"http:\/\/e-anjelik.sk\/?p=2922"},"modified":"2010-06-24T08:32:30","modified_gmt":"2010-06-24T08:32:30","slug":"25-jun-pamatny-den-augsburskeho-vyznania","status":"publish","type":"post","link":"https:\/\/www.e-anjelik.sk\/index.php\/2010\/06\/24\/25-jun-pamatny-den-augsburskeho-vyznania\/","title":{"rendered":"25. j\u00fan &#8211; Pam\u00e4tn\u00fd de\u0148 Augsbursk\u00e9ho vyznania"},"content":{"rendered":"<p>Evanjelick&aacute; cirkev po celom svete si 25. j&uacute;na pripom&iacute;na ako pam&auml;tn&yacute; de\u0148 Augsbursk&eacute;ho vyznania. V ten de\u0148 roku 1530 predlo\u017eili reformn&iacute; katol&iacute;ci okolo Martina Luthera pred cis&aacute;rom a r&iacute;&scaron;ou vyznanie svojej viery. Nech&yacute;bala im odvaha, lebo ve\u010f pred 120 rokmi in&yacute; cis&aacute;r poru&scaron;il svoj s\u013eub a predreform&aacute;tora J&aacute;na Husa dal up&aacute;li\u0165 ako kac&iacute;ra na hranici. Pre\u010d&iacute;tajme si slov&aacute; tohto vyznania! Posilnia n&aacute;s v na&scaron;ej viere, odhodlan&iacute; bojova\u0165 za spravodlivos\u0165, daj&uacute; n&aacute;m rados\u0165, l&aacute;sku a trpezlivos\u0165.<\/p>\n<p><strong>Pane Je\u017ei&scaron;i Kriste, prekonaj ,pros&iacute;me, na&scaron;u vla\u017enos\u0165 a slabos\u0165 a napl\u0148 n&aacute;s&nbsp; Tvojim Duchom k dobr&eacute;mu vyznaniu. Amen<\/strong>.<\/p>\n","protected":false},"excerpt":{"rendered":"<p>Evanjelick&aacute; cirkev po celom svete si 25. j&uacute;na pripom&iacute;na ako pam&auml;tn&yacute; de\u0148 Augsbursk&eacute;ho vyznania. V ten de\u0148 roku 1530 predlo\u017eili reformn&iacute; katol&iacute;ci okolo Martina Luthera pred cis&aacute;rom a r&iacute;&scaron;ou vyznanie svojej viery. Nech&yacute;bala im odvaha, lebo ve\u010f pred 120 rokmi in&yacute; cis&aacute;r poru&scaron;il svoj s\u013eub a predreform&aacute;tora J&aacute;na Husa dal up&aacute;li\u0165 ako kac&iacute;ra na hranici. &#8230; <a title=\"25. j\u00fan &#8211; Pam\u00e4tn\u00fd de\u0148 Augsbursk\u00e9ho vyznania\" class=\"read-more\" href=\"https:\/\/www.e-anjelik.sk\/index.php\/2010\/06\/24\/25-jun-pamatny-den-augsburskeho-vyznania\/\" aria-label=\"Pre\u010d\u00edtajte si viac o 25. j\u00fan &#8211; Pam\u00e4tn\u00fd de\u0148 Augsbursk\u00e9ho vyznania\">\u010c\u00edta\u0165 viac<\/a><\/p>\n","protected":false},"author":22,"featured_media":0,"comment_status":"open","ping_status":"open","sticky":false,"template":"","format":"standard","meta":{"footnotes":""},"categories":[40],"tags":[],"class_list":["post-2922","post","type-post","status-publish","format-standard","hentry","category-historia"],"_links":{"self":[{"href":"https:\/\/www.e-anjelik.sk\/index.php\/wp-json\/wp\/v2\/posts\/2922","targetHints":{"allow":["GET"]}}],"collection":[{"href":"https:\/\/www.e-anjelik.sk\/index.php\/wp-json\/wp\/v2\/posts"}],"about":[{"href":"https:\/\/www.e-anjelik.sk\/index.php\/wp-json\/wp\/v2\/types\/post"}],"author":[{"embeddable":true,"href":"https:\/\/www.e-anjelik.sk\/index.php\/wp-json\/wp\/v2\/users\/22"}],"replies":[{"embeddable":true,"href":"https:\/\/www.e-anjelik.sk\/index.php\/wp-json\/wp\/v2\/comments?post=2922"}],"version-history":[{"count":0,"href":"https:\/\/www.e-anjelik.sk\/index.php\/wp-json\/wp\/v2\/posts\/2922\/revisions"}],"wp:attachment":[{"href":"https:\/\/www.e-anjelik.sk\/index.php\/wp-json\/wp\/v2\/media?parent=2922"}],"wp:term":[{"taxonomy":"category","embeddable":true,"href":"https:\/\/www.e-anjelik.sk\/index.php\/wp-json\/wp\/v2\/categories?post=2922"},{"taxonomy":"post_tag","embeddable":true,"href":"https:\/\/www.e-anjelik.sk\/index.php\/wp-json\/wp\/v2\/tags?post=2922"}],"curies":[{"name":"wp","href":"https:\/\/api.w.org\/{rel}","templated":true}]}}