{"id":2923,"date":"2010-06-25T08:22:30","date_gmt":"2010-06-25T08:22:30","guid":{"rendered":"http:\/\/e-anjelik.sk\/?p=2923"},"modified":"2010-06-25T08:22:30","modified_gmt":"2010-06-25T08:22:30","slug":"dialog-medzi-elca-a-elkras","status":"publish","type":"post","link":"https:\/\/www.e-anjelik.sk\/index.php\/2010\/06\/25\/dialog-medzi-elca-a-elkras\/","title":{"rendered":"Dial\u00f3g medzi ELCA a ELKRAS"},"content":{"rendered":"<p>V &uacute;stred&iacute; ELKRAS v Petrohrade sa konali rozhovory medzi arcibiskopom ELKRAS A. Kruse a pastorom A. Hauge ,region&aacute;lnym predstavite\u013eom Evanjelicko-luter&aacute;nskej cirkvi (ELCA)&nbsp;v Eur&oacute;pe. Po\u010das pracovn&eacute;ho stretnutia pos&uacute;dili ot&aacute;zky spolupr&aacute;ce oboch cirkv&iacute;. A. Hauge pod\u010diarkol, \u017ee ELCA nechce so svojimi partnermi dosiahn&uacute;\u0165 n&aacute;zorov&uacute; jednotu za ka\u017ed&uacute; cenu. Pre podporu bratskej spolupr&aacute;ce s luter&aacute;nmi v Rusku treba ch&aacute;pa\u0165 ich kult&uacute;rne a historick&eacute; osobitnosti, v&aacute;\u017ei\u0165 si ich trad&iacute;cie. Pod\u013ea jeho vyjadrenia ELCA nechce do zahrani\u010dia exportova\u0165 ich vieru a poriadky. Hlavn&eacute; je to, \u017ee obe cirkvi maj&uacute; spolo\u010dn&uacute; z&aacute;klad\u0148u. ELCA chce aj na\u010falej poskytova\u0165 ELKRAS finan\u010dn&uacute; a person&aacute;lnu pomoc, chce upev\u0148ova\u0165 jej &scaron;trukt&uacute;ry, napom&aacute;ha\u0165 ekumenick&yacute;m vz\u0165ahom, chce napom&aacute;ha\u0165 duchovn&uacute; a modlitbov&uacute; podporu.Rozhovory ukon\u010dili spolo\u010dn&yacute;mi modlitbami. Potom obaja predstavitelia spolo\u010dne nav&scaron;t&iacute;vili biskupsk&eacute;ho vizit&aacute;tora ELKRAS v&nbsp;Moskve D. Brauera.<\/p>\n<p>(<a href=\"http:\/\/www.elkras.ru\">www.elkras.ru<\/a>)<\/p>\n","protected":false},"excerpt":{"rendered":"<p>V &uacute;stred&iacute; ELKRAS v Petrohrade sa konali rozhovory medzi arcibiskopom ELKRAS A. Kruse a pastorom A. Hauge ,region&aacute;lnym predstavite\u013eom Evanjelicko-luter&aacute;nskej cirkvi (ELCA)&nbsp;v Eur&oacute;pe. Po\u010das pracovn&eacute;ho stretnutia pos&uacute;dili ot&aacute;zky spolupr&aacute;ce oboch cirkv&iacute;. A. Hauge pod\u010diarkol, \u017ee ELCA nechce so svojimi partnermi dosiahn&uacute;\u0165 n&aacute;zorov&uacute; jednotu za ka\u017ed&uacute; cenu. Pre podporu bratskej spolupr&aacute;ce s luter&aacute;nmi v Rusku treba &#8230; <a title=\"Dial\u00f3g medzi ELCA a ELKRAS\" class=\"read-more\" href=\"https:\/\/www.e-anjelik.sk\/index.php\/2010\/06\/25\/dialog-medzi-elca-a-elkras\/\" aria-label=\"Pre\u010d\u00edtajte si viac o Dial\u00f3g medzi ELCA a ELKRAS\">\u010c\u00edta\u0165 viac<\/a><\/p>\n","protected":false},"author":22,"featured_media":0,"comment_status":"open","ping_status":"open","sticky":false,"template":"","format":"standard","meta":{"footnotes":""},"categories":[46,35,10],"tags":[],"class_list":["post-2923","post","type-post","status-publish","format-standard","hentry","category-amerika","category-rusko-a-ine","category-zo-sveta"],"_links":{"self":[{"href":"https:\/\/www.e-anjelik.sk\/index.php\/wp-json\/wp\/v2\/posts\/2923","targetHints":{"allow":["GET"]}}],"collection":[{"href":"https:\/\/www.e-anjelik.sk\/index.php\/wp-json\/wp\/v2\/posts"}],"about":[{"href":"https:\/\/www.e-anjelik.sk\/index.php\/wp-json\/wp\/v2\/types\/post"}],"author":[{"embeddable":true,"href":"https:\/\/www.e-anjelik.sk\/index.php\/wp-json\/wp\/v2\/users\/22"}],"replies":[{"embeddable":true,"href":"https:\/\/www.e-anjelik.sk\/index.php\/wp-json\/wp\/v2\/comments?post=2923"}],"version-history":[{"count":0,"href":"https:\/\/www.e-anjelik.sk\/index.php\/wp-json\/wp\/v2\/posts\/2923\/revisions"}],"wp:attachment":[{"href":"https:\/\/www.e-anjelik.sk\/index.php\/wp-json\/wp\/v2\/media?parent=2923"}],"wp:term":[{"taxonomy":"category","embeddable":true,"href":"https:\/\/www.e-anjelik.sk\/index.php\/wp-json\/wp\/v2\/categories?post=2923"},{"taxonomy":"post_tag","embeddable":true,"href":"https:\/\/www.e-anjelik.sk\/index.php\/wp-json\/wp\/v2\/tags?post=2923"}],"curies":[{"name":"wp","href":"https:\/\/api.w.org\/{rel}","templated":true}]}}