{"id":2925,"date":"2010-06-29T08:34:23","date_gmt":"2010-06-29T08:34:23","guid":{"rendered":"http:\/\/e-anjelik.sk\/?p=2925"},"modified":"2010-06-29T08:34:23","modified_gmt":"2010-06-29T08:34:23","slug":"mladi-luterani-sa-zidu-na-konferencii-v-drazdanoch","status":"publish","type":"post","link":"https:\/\/www.e-anjelik.sk\/index.php\/2010\/06\/29\/mladi-luterani-sa-zidu-na-konferencii-v-drazdanoch\/","title":{"rendered":"Mlad\u00ed luter\u00e1ni sa z\u00eddu na konferencii v Dr\u00e1\u017e\u010fanoch"},"content":{"rendered":"<p>Ako pr&iacute;prava na 11. Valn&eacute; zhroma\u017edenie SLZ bude sa v Dr&aacute;\u017e\u010fanoch kona\u0165 konferencia viacej ako 120 mlad&yacute;ch luter&aacute;nov zo 140 \u010dlensk&yacute;ch cirkv&iacute; SLZ, a to v \u010dase od 11. do 17. j&uacute;la 2010. VZ&nbsp;SLZ bude v &Scaron;tuttgarte od 20. do 27. j&uacute;la t.r.&nbsp;Mlad&iacute; bud&uacute; rozobera\u0165 hlavn&uacute; t&eacute;mu&nbsp;VZ &quot;Chlieb n&aacute;&scaron; ka\u017edodenn&yacute; daj n&aacute;m dnes!&quot; Pritom to nebude iba o nedostatku potrav&iacute;n, ale aj svetov&eacute; spolo\u010densk&eacute; a n&aacute;bo\u017eensk&eacute; t&eacute;my,&nbsp;napr. HIV a AIDS, nelegit&iacute;mne dlhy a klimatick&eacute;&nbsp;zmeny. Po skon\u010den&iacute; sa v&scaron;etci mlad&iacute; z&uacute;\u010dastnia VL bu\u010f ako deleg&aacute;ti alebo stewardi.&nbsp;<\/p>\n<p>(<a href=\"http:\/\/www.ekd.de\">www.ekd.de<\/a>)&nbsp;<\/p>\n","protected":false},"excerpt":{"rendered":"<p>Ako pr&iacute;prava na 11. Valn&eacute; zhroma\u017edenie SLZ bude sa v Dr&aacute;\u017e\u010fanoch kona\u0165 konferencia viacej ako 120 mlad&yacute;ch luter&aacute;nov zo 140 \u010dlensk&yacute;ch cirkv&iacute; SLZ, a to v \u010dase od 11. do 17. j&uacute;la 2010. VZ&nbsp;SLZ bude v &Scaron;tuttgarte od 20. do 27. j&uacute;la t.r.&nbsp;Mlad&iacute; bud&uacute; rozobera\u0165 hlavn&uacute; t&eacute;mu&nbsp;VZ &quot;Chlieb n&aacute;&scaron; ka\u017edodenn&yacute; daj n&aacute;m dnes!&quot; Pritom to &#8230; <a title=\"Mlad\u00ed luter\u00e1ni sa z\u00eddu na konferencii v Dr\u00e1\u017e\u010fanoch\" class=\"read-more\" href=\"https:\/\/www.e-anjelik.sk\/index.php\/2010\/06\/29\/mladi-luterani-sa-zidu-na-konferencii-v-drazdanoch\/\" aria-label=\"Pre\u010d\u00edtajte si viac o Mlad\u00ed luter\u00e1ni sa z\u00eddu na konferencii v Dr\u00e1\u017e\u010fanoch\">\u010c\u00edta\u0165 viac<\/a><\/p>\n","protected":false},"author":22,"featured_media":0,"comment_status":"open","ping_status":"open","sticky":false,"template":"","format":"standard","meta":{"footnotes":""},"categories":[1],"tags":[187],"class_list":["post-2925","post","type-post","status-publish","format-standard","hentry","category-adventna-modlitba","tag-mladez-3"],"_links":{"self":[{"href":"https:\/\/www.e-anjelik.sk\/index.php\/wp-json\/wp\/v2\/posts\/2925","targetHints":{"allow":["GET"]}}],"collection":[{"href":"https:\/\/www.e-anjelik.sk\/index.php\/wp-json\/wp\/v2\/posts"}],"about":[{"href":"https:\/\/www.e-anjelik.sk\/index.php\/wp-json\/wp\/v2\/types\/post"}],"author":[{"embeddable":true,"href":"https:\/\/www.e-anjelik.sk\/index.php\/wp-json\/wp\/v2\/users\/22"}],"replies":[{"embeddable":true,"href":"https:\/\/www.e-anjelik.sk\/index.php\/wp-json\/wp\/v2\/comments?post=2925"}],"version-history":[{"count":0,"href":"https:\/\/www.e-anjelik.sk\/index.php\/wp-json\/wp\/v2\/posts\/2925\/revisions"}],"wp:attachment":[{"href":"https:\/\/www.e-anjelik.sk\/index.php\/wp-json\/wp\/v2\/media?parent=2925"}],"wp:term":[{"taxonomy":"category","embeddable":true,"href":"https:\/\/www.e-anjelik.sk\/index.php\/wp-json\/wp\/v2\/categories?post=2925"},{"taxonomy":"post_tag","embeddable":true,"href":"https:\/\/www.e-anjelik.sk\/index.php\/wp-json\/wp\/v2\/tags?post=2925"}],"curies":[{"name":"wp","href":"https:\/\/api.w.org\/{rel}","templated":true}]}}