{"id":2926,"date":"2010-06-29T08:48:58","date_gmt":"2010-06-29T08:48:58","guid":{"rendered":"http:\/\/e-anjelik.sk\/?p=2926"},"modified":"2010-06-29T08:48:58","modified_gmt":"2010-06-29T08:48:58","slug":"generalny-tajomnik-src-do-moskvy","status":"publish","type":"post","link":"https:\/\/www.e-anjelik.sk\/index.php\/2010\/06\/29\/generalny-tajomnik-src-do-moskvy\/","title":{"rendered":"Gener\u00e1lny tajomn\u00edk SRC do Moskvy"},"content":{"rendered":"<p>Gener&aacute;lny tajomn&iacute;k Svetovej rady cirkv&iacute; zo \u017denevy , n&oacute;rsky lut. pastor Olav Fykse Tveit, p&ocirc;jde t&uacute;to nede\u013eu na pracovn&uacute; n&aacute;v&scaron;tevu Ruskej pravosl&aacute;vnej cirkvi. V pondelok ho pr&iacute;jme patriarcha Cyril. Rokova\u0165 bud&uacute; o vz&aacute;jomn&yacute;ch vz\u0165ahoch medzi SRC a touto \u010dlenskou cirkvou. Z&uacute;\u010dastnia sa aj bohoslu\u017eby v moskovskej katedr&aacute;le Nanebovzatia Panny M&aacute;rie. Medzi RPC a z&aacute;padn&yacute;mi &nbsp;protestantsk&yacute;mi cirkvami Rady panuje nap&auml;tie pre viacero teologick&yacute;ch ot&aacute;zok. Tveita bude doprev&aacute;dza\u0165 nemeck&aacute; teologi\u010dka Dagmar Hellerov&aacute;, ktor&aacute; je tie\u017e \u010dlenkou st&aacute;leho v&yacute;boru pre dial&oacute;g medzi&nbsp;EKD a RPC.<\/p>\n<p>(<a href=\"http:\/\/www.epd.de\">www.epd.de<\/a>)<\/p>\n","protected":false},"excerpt":{"rendered":"<p>Gener&aacute;lny tajomn&iacute;k Svetovej rady cirkv&iacute; zo \u017denevy , n&oacute;rsky lut. pastor Olav Fykse Tveit, p&ocirc;jde t&uacute;to nede\u013eu na pracovn&uacute; n&aacute;v&scaron;tevu Ruskej pravosl&aacute;vnej cirkvi. V pondelok ho pr&iacute;jme patriarcha Cyril. Rokova\u0165 bud&uacute; o vz&aacute;jomn&yacute;ch vz\u0165ahoch medzi SRC a touto \u010dlenskou cirkvou. Z&uacute;\u010dastnia sa aj bohoslu\u017eby v moskovskej katedr&aacute;le Nanebovzatia Panny M&aacute;rie. Medzi RPC a z&aacute;padn&yacute;mi &nbsp;protestantsk&yacute;mi &#8230; <a title=\"Gener\u00e1lny tajomn\u00edk SRC do Moskvy\" class=\"read-more\" href=\"https:\/\/www.e-anjelik.sk\/index.php\/2010\/06\/29\/generalny-tajomnik-src-do-moskvy\/\" aria-label=\"Pre\u010d\u00edtajte si viac o Gener\u00e1lny tajomn\u00edk SRC do Moskvy\">\u010c\u00edta\u0165 viac<\/a><\/p>\n","protected":false},"author":22,"featured_media":0,"comment_status":"open","ping_status":"open","sticky":false,"template":"","format":"standard","meta":{"footnotes":""},"categories":[2],"tags":[],"class_list":["post-2926","post","type-post","status-publish","format-standard","hentry","category-ekumena"],"_links":{"self":[{"href":"https:\/\/www.e-anjelik.sk\/index.php\/wp-json\/wp\/v2\/posts\/2926","targetHints":{"allow":["GET"]}}],"collection":[{"href":"https:\/\/www.e-anjelik.sk\/index.php\/wp-json\/wp\/v2\/posts"}],"about":[{"href":"https:\/\/www.e-anjelik.sk\/index.php\/wp-json\/wp\/v2\/types\/post"}],"author":[{"embeddable":true,"href":"https:\/\/www.e-anjelik.sk\/index.php\/wp-json\/wp\/v2\/users\/22"}],"replies":[{"embeddable":true,"href":"https:\/\/www.e-anjelik.sk\/index.php\/wp-json\/wp\/v2\/comments?post=2926"}],"version-history":[{"count":0,"href":"https:\/\/www.e-anjelik.sk\/index.php\/wp-json\/wp\/v2\/posts\/2926\/revisions"}],"wp:attachment":[{"href":"https:\/\/www.e-anjelik.sk\/index.php\/wp-json\/wp\/v2\/media?parent=2926"}],"wp:term":[{"taxonomy":"category","embeddable":true,"href":"https:\/\/www.e-anjelik.sk\/index.php\/wp-json\/wp\/v2\/categories?post=2926"},{"taxonomy":"post_tag","embeddable":true,"href":"https:\/\/www.e-anjelik.sk\/index.php\/wp-json\/wp\/v2\/tags?post=2926"}],"curies":[{"name":"wp","href":"https:\/\/api.w.org\/{rel}","templated":true}]}}