{"id":2927,"date":"2010-06-29T09:09:04","date_gmt":"2010-06-29T09:09:04","guid":{"rendered":"http:\/\/e-anjelik.sk\/?p=2927"},"modified":"2010-06-29T09:09:04","modified_gmt":"2010-06-29T09:09:04","slug":"zvolili-noveho-biskupa-varsavskej-diecezy-ecav-v-polsku","status":"publish","type":"post","link":"https:\/\/www.e-anjelik.sk\/index.php\/2010\/06\/29\/zvolili-noveho-biskupa-varsavskej-diecezy-ecav-v-polsku\/","title":{"rendered":"Zvolili nov\u00e9ho biskupa var\u0161avskej diec\u00e9zy ECAV v Po\u013esku"},"content":{"rendered":"<p>V sobotu 26. j&uacute;na t.r. sa vo Var&scaron;ave konala synoda miestnej diec&eacute;zy ECAV v Po\u013esku. Jedin&yacute;m programom synody bola vo\u013eba nov&eacute;ho biskupa. Diec&eacute;zna konferencia duchovn&yacute;ch ako kandid&aacute;tov vytypovala troch duchovn&yacute;ch: radcu Jana Cieslara z Pabianic, radcu Piotra Gasia z Var&scaron;avy a far&aacute;ra Wojciecha Rudkovsk&eacute;ho z Radomy. Po vypo\u010dut&iacute; si prezent&aacute;cie programov t&yacute;chto kandid&aacute;tov deleg&aacute;ti synody uskuto\u010dnili vo\u013ebu: zo 60 odovzdan&yacute;ch hlasov Jan Cieslar dostal 37, Piotr Gas 19 a W. Rudkowski 4. T&yacute;m za biskupa bol zvolen&yacute; J. Cieslar. Narodil sa roku 1967 v Cieszyne. Vy&scaron;tudoval CHAT a roku 1993 bol ordinovan&yacute;. Potom bol duchovn&yacute;m v Ustroni, Lodzi a Pabianicach. Popri viacer&yacute;ch funkci&aacute;ch v cirkvi je tie\u017e u\u010dite\u013eom na katedre cirkevn&yacute;ch dej&iacute;n CHAT. Je \u017eenat&yacute;. S man\u017eelkou Magdalenou vychov&aacute;vaj&uacute; dc&eacute;rku Nataliu.<\/p>\n<p>(<a href=\"http:\/\/www.luteranie.pl\">www.luteranie.pl<\/a>)<\/p>\n","protected":false},"excerpt":{"rendered":"<p>V sobotu 26. j&uacute;na t.r. sa vo Var&scaron;ave konala synoda miestnej diec&eacute;zy ECAV v Po\u013esku. Jedin&yacute;m programom synody bola vo\u013eba nov&eacute;ho biskupa. Diec&eacute;zna konferencia duchovn&yacute;ch ako kandid&aacute;tov vytypovala troch duchovn&yacute;ch: radcu Jana Cieslara z Pabianic, radcu Piotra Gasia z Var&scaron;avy a far&aacute;ra Wojciecha Rudkovsk&eacute;ho z Radomy. Po vypo\u010dut&iacute; si prezent&aacute;cie programov t&yacute;chto kandid&aacute;tov deleg&aacute;ti synody &#8230; <a title=\"Zvolili nov\u00e9ho biskupa var\u0161avskej diec\u00e9zy ECAV v Po\u013esku\" class=\"read-more\" href=\"https:\/\/www.e-anjelik.sk\/index.php\/2010\/06\/29\/zvolili-noveho-biskupa-varsavskej-diecezy-ecav-v-polsku\/\" aria-label=\"Pre\u010d\u00edtajte si viac o Zvolili nov\u00e9ho biskupa var\u0161avskej diec\u00e9zy ECAV v Po\u013esku\">\u010c\u00edta\u0165 viac<\/a><\/p>\n","protected":false},"author":22,"featured_media":0,"comment_status":"open","ping_status":"open","sticky":false,"template":"","format":"standard","meta":{"footnotes":""},"categories":[9,10],"tags":[],"class_list":["post-2927","post","type-post","status-publish","format-standard","hentry","category-europa","category-zo-sveta"],"_links":{"self":[{"href":"https:\/\/www.e-anjelik.sk\/index.php\/wp-json\/wp\/v2\/posts\/2927","targetHints":{"allow":["GET"]}}],"collection":[{"href":"https:\/\/www.e-anjelik.sk\/index.php\/wp-json\/wp\/v2\/posts"}],"about":[{"href":"https:\/\/www.e-anjelik.sk\/index.php\/wp-json\/wp\/v2\/types\/post"}],"author":[{"embeddable":true,"href":"https:\/\/www.e-anjelik.sk\/index.php\/wp-json\/wp\/v2\/users\/22"}],"replies":[{"embeddable":true,"href":"https:\/\/www.e-anjelik.sk\/index.php\/wp-json\/wp\/v2\/comments?post=2927"}],"version-history":[{"count":0,"href":"https:\/\/www.e-anjelik.sk\/index.php\/wp-json\/wp\/v2\/posts\/2927\/revisions"}],"wp:attachment":[{"href":"https:\/\/www.e-anjelik.sk\/index.php\/wp-json\/wp\/v2\/media?parent=2927"}],"wp:term":[{"taxonomy":"category","embeddable":true,"href":"https:\/\/www.e-anjelik.sk\/index.php\/wp-json\/wp\/v2\/categories?post=2927"},{"taxonomy":"post_tag","embeddable":true,"href":"https:\/\/www.e-anjelik.sk\/index.php\/wp-json\/wp\/v2\/tags?post=2927"}],"curies":[{"name":"wp","href":"https:\/\/api.w.org\/{rel}","templated":true}]}}