{"id":29278,"date":"2015-10-22T02:22:40","date_gmt":"2015-10-22T00:22:40","guid":{"rendered":"http:\/\/www.evanjelik.sk\/?p=29278"},"modified":"2015-10-22T02:22:40","modified_gmt":"2015-10-22T00:22:40","slug":"zapad-nici-svoj-biblicky-zaklad","status":"publish","type":"post","link":"https:\/\/www.e-anjelik.sk\/index.php\/2015\/10\/22\/zapad-nici-svoj-biblicky-zaklad\/","title":{"rendered":"Z\u00e1pad ni\u010d\u00ed svoj biblick\u00fd z\u00e1klad"},"content":{"rendered":"<p><figure style=\"width: 120px\" class=\"wp-caption alignleft\"><img loading=\"lazy\" decoding=\"async\" alt=\"\" src=\"http:\/\/www.revelationmovement.com\/wp-content\/uploads\/2013\/07\/images-VM-young.jpg\" width=\"130\" height=\"163\" \/><figcaption class=\"wp-caption-text\">zdroj revelationmovement.com<\/figcaption><\/figure>Ved\u00faci kres\u0165ansk\u00fd intelektu\u00e1l Indie , profesor teol\u00f3gie Vishal Mangalwadi, po\u017eaduje, aby sa Z\u00e1pad vr\u00e1til ku svojim etick\u00fdm z\u00e1kladom: Biblii. &#8222;Ona je du\u0161ou Z\u00e1padu&#8220; , povedal 66-ro\u010dn\u00fd profesor v rozhovore pre nemeck\u00fd pietistick\u00fd \u010dasopis. Pod\u013ea neho, Z\u00e1pad u\u017e nech\u00e1pe tento svoj z\u00e1klad, ba dokonca ho ni\u010d\u00ed.<\/p>\n<p>(www.idea.de)<\/p>\n","protected":false},"excerpt":{"rendered":"<p>Ved\u00faci kres\u0165ansk\u00fd intelektu\u00e1l Indie , profesor teol\u00f3gie Vishal Mangalwadi, po\u017eaduje, aby sa Z\u00e1pad vr\u00e1til ku svojim etick\u00fdm z\u00e1kladom: Biblii. &#8222;Ona je du\u0161ou Z\u00e1padu&#8220; , povedal 66-ro\u010dn\u00fd profesor v rozhovore pre nemeck\u00fd pietistick\u00fd \u010dasopis. Pod\u013ea neho, Z\u00e1pad u\u017e nech\u00e1pe tento svoj z\u00e1klad, ba dokonca ho ni\u010d\u00ed. (www.idea.de)<\/p>\n","protected":false},"author":2,"featured_media":0,"comment_status":"open","ping_status":"open","sticky":false,"template":"","format":"standard","meta":{"footnotes":""},"categories":[1],"tags":[],"class_list":["post-29278","post","type-post","status-publish","format-standard","hentry","category-adventna-modlitba"],"_links":{"self":[{"href":"https:\/\/www.e-anjelik.sk\/index.php\/wp-json\/wp\/v2\/posts\/29278","targetHints":{"allow":["GET"]}}],"collection":[{"href":"https:\/\/www.e-anjelik.sk\/index.php\/wp-json\/wp\/v2\/posts"}],"about":[{"href":"https:\/\/www.e-anjelik.sk\/index.php\/wp-json\/wp\/v2\/types\/post"}],"author":[{"embeddable":true,"href":"https:\/\/www.e-anjelik.sk\/index.php\/wp-json\/wp\/v2\/users\/2"}],"replies":[{"embeddable":true,"href":"https:\/\/www.e-anjelik.sk\/index.php\/wp-json\/wp\/v2\/comments?post=29278"}],"version-history":[{"count":0,"href":"https:\/\/www.e-anjelik.sk\/index.php\/wp-json\/wp\/v2\/posts\/29278\/revisions"}],"wp:attachment":[{"href":"https:\/\/www.e-anjelik.sk\/index.php\/wp-json\/wp\/v2\/media?parent=29278"}],"wp:term":[{"taxonomy":"category","embeddable":true,"href":"https:\/\/www.e-anjelik.sk\/index.php\/wp-json\/wp\/v2\/categories?post=29278"},{"taxonomy":"post_tag","embeddable":true,"href":"https:\/\/www.e-anjelik.sk\/index.php\/wp-json\/wp\/v2\/tags?post=29278"}],"curies":[{"name":"wp","href":"https:\/\/api.w.org\/{rel}","templated":true}]}}