{"id":29283,"date":"2015-10-22T16:56:08","date_gmt":"2015-10-22T14:56:08","guid":{"rendered":"http:\/\/www.evanjelik.sk\/?p=29283"},"modified":"2015-10-22T16:56:08","modified_gmt":"2015-10-22T14:56:08","slug":"vo-viedni-otvorili-evanjelicke-realne-gymnazium","status":"publish","type":"post","link":"https:\/\/www.e-anjelik.sk\/index.php\/2015\/10\/22\/vo-viedni-otvorili-evanjelicke-realne-gymnazium\/","title":{"rendered":"Vo Viedni otvorili evanjelick\u00e9 re\u00e1lne gymn\u00e1zium"},"content":{"rendered":"<p>21. okt\u00f3bra t.r. sl\u00e1vnostne otvorili Evanjelick\u00e9 re\u00e1lne gymn\u00e1zium vo Viedni. Budova sa nach\u00e1dza v 22. okrese. \u0160kola je s\u00edce v prev\u00e1dzke u\u017e od roku 2010, ale a\u017e teraz bola kompletne dobudovan\u00e1. Od nov\u00e9ho \u0161kolsk\u00e9ho roku m\u00e1 a\u017e 600 \u017eiakov v 25 ro\u010dn\u00edkoch. \u0160kolu spravuje Evanjelick\u00e1 diakonia. Je zameran\u00e1 na prij\u00edmanie \u017eiakov s postihnut\u00edm a bez postihnutia. Program je zameran\u00fd nielen na te\u00f3riu, ale aj na praktick\u00e9 cvi\u010denia. Riadite\u013e Evanjelickej diakonie Michael Chalupka na sl\u00e1vnosti o.i. povedal: &#8220; Na tejto \u0161kole ide o u\u010denie hlavou, srdcom i rukami&#8220;.<\/p>\n<p>(www.evang.at)<\/p>\n","protected":false},"excerpt":{"rendered":"<p>21. okt\u00f3bra t.r. sl\u00e1vnostne otvorili Evanjelick\u00e9 re\u00e1lne gymn\u00e1zium vo Viedni. Budova sa nach\u00e1dza v 22. okrese. \u0160kola je s\u00edce v prev\u00e1dzke u\u017e od roku 2010, ale a\u017e teraz bola kompletne dobudovan\u00e1. Od nov\u00e9ho \u0161kolsk\u00e9ho roku m\u00e1 a\u017e 600 \u017eiakov v 25 ro\u010dn\u00edkoch. \u0160kolu spravuje Evanjelick\u00e1 diakonia. Je zameran\u00e1 na prij\u00edmanie \u017eiakov s postihnut\u00edm a bez &#8230; <a title=\"Vo Viedni otvorili evanjelick\u00e9 re\u00e1lne gymn\u00e1zium\" class=\"read-more\" href=\"https:\/\/www.e-anjelik.sk\/index.php\/2015\/10\/22\/vo-viedni-otvorili-evanjelicke-realne-gymnazium\/\" aria-label=\"Pre\u010d\u00edtajte si viac o Vo Viedni otvorili evanjelick\u00e9 re\u00e1lne gymn\u00e1zium\">\u010c\u00edta\u0165 viac<\/a><\/p>\n","protected":false},"author":2,"featured_media":0,"comment_status":"open","ping_status":"open","sticky":false,"template":"","format":"standard","meta":{"footnotes":""},"categories":[1],"tags":[],"class_list":["post-29283","post","type-post","status-publish","format-standard","hentry","category-adventna-modlitba"],"_links":{"self":[{"href":"https:\/\/www.e-anjelik.sk\/index.php\/wp-json\/wp\/v2\/posts\/29283","targetHints":{"allow":["GET"]}}],"collection":[{"href":"https:\/\/www.e-anjelik.sk\/index.php\/wp-json\/wp\/v2\/posts"}],"about":[{"href":"https:\/\/www.e-anjelik.sk\/index.php\/wp-json\/wp\/v2\/types\/post"}],"author":[{"embeddable":true,"href":"https:\/\/www.e-anjelik.sk\/index.php\/wp-json\/wp\/v2\/users\/2"}],"replies":[{"embeddable":true,"href":"https:\/\/www.e-anjelik.sk\/index.php\/wp-json\/wp\/v2\/comments?post=29283"}],"version-history":[{"count":0,"href":"https:\/\/www.e-anjelik.sk\/index.php\/wp-json\/wp\/v2\/posts\/29283\/revisions"}],"wp:attachment":[{"href":"https:\/\/www.e-anjelik.sk\/index.php\/wp-json\/wp\/v2\/media?parent=29283"}],"wp:term":[{"taxonomy":"category","embeddable":true,"href":"https:\/\/www.e-anjelik.sk\/index.php\/wp-json\/wp\/v2\/categories?post=29283"},{"taxonomy":"post_tag","embeddable":true,"href":"https:\/\/www.e-anjelik.sk\/index.php\/wp-json\/wp\/v2\/tags?post=29283"}],"curies":[{"name":"wp","href":"https:\/\/api.w.org\/{rel}","templated":true}]}}