{"id":29285,"date":"2015-10-23T04:06:09","date_gmt":"2015-10-23T02:06:09","guid":{"rendered":"http:\/\/www.evanjelik.sk\/?p=29285"},"modified":"2015-10-23T04:06:09","modified_gmt":"2015-10-23T02:06:09","slug":"vo-finsku-vysiel-novy-svedsky-spevnik-pre-nevidomych","status":"publish","type":"post","link":"https:\/\/www.e-anjelik.sk\/index.php\/2015\/10\/23\/vo-finsku-vysiel-novy-svedsky-spevnik-pre-nevidomych\/","title":{"rendered":"Vo F\u00ednsku vy\u0161iel nov\u00fd \u0161v\u00e9dsky spevn\u00edk pre nevidom\u00fdch"},"content":{"rendered":"<p>V t\u00fdchto d\u0148och vydala Evanjelicko-luter\u00e1nska cirkev vo F\u00ednsku pre svojich nevidom\u00fdch veriacich cirkevn\u00fd spevn\u00edk vo \u0161v\u00e9dskom jazyku. V rokoch 2012-13 vy\u0161iel tak\u00fdto spevn\u00edk vo f\u00edn\u010dine. T\u00fdm je tento druh spevn\u00edka skompletizovan\u00fd. Nov\u00fd spevn\u00edk okrem piesn\u00ed obsahuje aj ob\u013e\u00faben\u00e9 \u017ealmy, poriadok slu\u017eieb Bo\u017e\u00edch, krstu det\u00ed, sob\u00e1\u0161a a pohrebu. Nech\u00fdbaj\u00fa ani modlitby. Spevn\u00edk v braillovom p\u00edsme vy\u0161iel v \u00dastrednom zv\u00e4ze postihnut\u00fdch s pomocou synody. Vo F\u00ednsku stoj\u00ed 70 eur, plus po\u0161tovn\u00e9.<\/p>\n<p>(www.evl.fi)<\/p>\n","protected":false},"excerpt":{"rendered":"<p>V t\u00fdchto d\u0148och vydala Evanjelicko-luter\u00e1nska cirkev vo F\u00ednsku pre svojich nevidom\u00fdch veriacich cirkevn\u00fd spevn\u00edk vo \u0161v\u00e9dskom jazyku. V rokoch 2012-13 vy\u0161iel tak\u00fdto spevn\u00edk vo f\u00edn\u010dine. T\u00fdm je tento druh spevn\u00edka skompletizovan\u00fd. Nov\u00fd spevn\u00edk okrem piesn\u00ed obsahuje aj ob\u013e\u00faben\u00e9 \u017ealmy, poriadok slu\u017eieb Bo\u017e\u00edch, krstu det\u00ed, sob\u00e1\u0161a a pohrebu. Nech\u00fdbaj\u00fa ani modlitby. Spevn\u00edk v braillovom p\u00edsme vy\u0161iel &#8230; <a title=\"Vo F\u00ednsku vy\u0161iel nov\u00fd \u0161v\u00e9dsky spevn\u00edk pre nevidom\u00fdch\" class=\"read-more\" href=\"https:\/\/www.e-anjelik.sk\/index.php\/2015\/10\/23\/vo-finsku-vysiel-novy-svedsky-spevnik-pre-nevidomych\/\" aria-label=\"Pre\u010d\u00edtajte si viac o Vo F\u00ednsku vy\u0161iel nov\u00fd \u0161v\u00e9dsky spevn\u00edk pre nevidom\u00fdch\">\u010c\u00edta\u0165 viac<\/a><\/p>\n","protected":false},"author":2,"featured_media":0,"comment_status":"open","ping_status":"open","sticky":false,"template":"","format":"standard","meta":{"footnotes":""},"categories":[1],"tags":[],"class_list":["post-29285","post","type-post","status-publish","format-standard","hentry","category-adventna-modlitba"],"_links":{"self":[{"href":"https:\/\/www.e-anjelik.sk\/index.php\/wp-json\/wp\/v2\/posts\/29285","targetHints":{"allow":["GET"]}}],"collection":[{"href":"https:\/\/www.e-anjelik.sk\/index.php\/wp-json\/wp\/v2\/posts"}],"about":[{"href":"https:\/\/www.e-anjelik.sk\/index.php\/wp-json\/wp\/v2\/types\/post"}],"author":[{"embeddable":true,"href":"https:\/\/www.e-anjelik.sk\/index.php\/wp-json\/wp\/v2\/users\/2"}],"replies":[{"embeddable":true,"href":"https:\/\/www.e-anjelik.sk\/index.php\/wp-json\/wp\/v2\/comments?post=29285"}],"version-history":[{"count":0,"href":"https:\/\/www.e-anjelik.sk\/index.php\/wp-json\/wp\/v2\/posts\/29285\/revisions"}],"wp:attachment":[{"href":"https:\/\/www.e-anjelik.sk\/index.php\/wp-json\/wp\/v2\/media?parent=29285"}],"wp:term":[{"taxonomy":"category","embeddable":true,"href":"https:\/\/www.e-anjelik.sk\/index.php\/wp-json\/wp\/v2\/categories?post=29285"},{"taxonomy":"post_tag","embeddable":true,"href":"https:\/\/www.e-anjelik.sk\/index.php\/wp-json\/wp\/v2\/tags?post=29285"}],"curies":[{"name":"wp","href":"https:\/\/api.w.org\/{rel}","templated":true}]}}