{"id":29289,"date":"2015-10-27T04:16:22","date_gmt":"2015-10-27T02:16:22","guid":{"rendered":"http:\/\/www.evanjelik.sk\/?p=29289"},"modified":"2015-10-27T04:16:22","modified_gmt":"2015-10-27T02:16:22","slug":"stredisko-evanjelickej-diakonie-v-skalici-otvara-denny-stacionar","status":"publish","type":"post","link":"https:\/\/www.e-anjelik.sk\/index.php\/2015\/10\/27\/stredisko-evanjelickej-diakonie-v-skalici-otvara-denny-stacionar\/","title":{"rendered":"Stredisko Evanjelickej diakonie v Skalici otv\u00e1ra denn\u00fd stacion\u00e1r"},"content":{"rendered":"<p>CZ ECAV Skalica chce akt\u00edvne rozv\u00edja\u0165 diakonick\u00fa pr\u00e1cu. K tomuto \u00fa\u010delu bude sl\u00fa\u017ei\u0165 denn\u00fd stacion\u00e1r, ktor\u00fd za\u010dne fungova\u0165 1. janu\u00e1ra 2016. Je to forma pr\u00e1ce s \u013eu\u010fmi, ktor\u00ed potrebuj\u00fa starostlivos\u0165 alebo spolo\u010dnos\u0165 po\u010das d\u0148a, kedy s\u00fa ich bl\u00edzki v pr\u00e1ci. Stacion\u00e1r bude v prev\u00e1dzke v pracovn\u00e9 dni od 8. do 16. hodiny. Do stacion\u00e1ra sa m\u00f4\u017eu prihl\u00e1si\u0165 odk\u00e1zan\u00e9 osoby nad 18 rokov bez rozdielu vierovyznania. Kapacita zariadenia po\u010d\u00edta maxim\u00e1lne s 15 osobami. Stacion\u00e1r bude pracova\u0165 v priestoroch zborovej siene a pri\u013eahl\u00fdch miestnost\u00ed. Poskytovan\u00e9 slu\u017eby: pomoc pri odk\u00e1zanosti na pomoc inej fyzickej osoby, stravovanie, aktiviz\u00e1cia klientov , relax\u00e1cia, soci\u00e1lna rehabilit\u00e1cia, soci\u00e1lne poradenstvo, duchovn\u00e9 poradenstvo, vo\u013eno\u010dasov\u00e1 , z\u00e1ujmov\u00e1 a rekrea\u010dn\u00e1 \u010dinnos\u0165. P\u00f4sobenie Strediska Evanjelickej diakonie Skalica a fungovanie denn\u00e9ho stacion\u00e1ra\u00a0schv\u00e1lil zborov\u00fd konvent d\u0148a 13.9.2015.\u00a0 Z\u00e1rove\u0148 ods\u00fahlasil otvorenie zbierky (milodarov) \u00a0na tento \u00fa\u010del.<\/p>\n","protected":false},"excerpt":{"rendered":"<p>CZ ECAV Skalica chce akt\u00edvne rozv\u00edja\u0165 diakonick\u00fa pr\u00e1cu. K tomuto \u00fa\u010delu bude sl\u00fa\u017ei\u0165 denn\u00fd stacion\u00e1r, ktor\u00fd za\u010dne fungova\u0165 1. janu\u00e1ra 2016. Je to forma pr\u00e1ce s \u013eu\u010fmi, ktor\u00ed potrebuj\u00fa starostlivos\u0165 alebo spolo\u010dnos\u0165 po\u010das d\u0148a, kedy s\u00fa ich bl\u00edzki v pr\u00e1ci. Stacion\u00e1r bude v prev\u00e1dzke v pracovn\u00e9 dni od 8. do 16. hodiny. Do stacion\u00e1ra sa &#8230; <a title=\"Stredisko Evanjelickej diakonie v Skalici otv\u00e1ra denn\u00fd stacion\u00e1r\" class=\"read-more\" href=\"https:\/\/www.e-anjelik.sk\/index.php\/2015\/10\/27\/stredisko-evanjelickej-diakonie-v-skalici-otvara-denny-stacionar\/\" aria-label=\"Pre\u010d\u00edtajte si viac o Stredisko Evanjelickej diakonie v Skalici otv\u00e1ra denn\u00fd stacion\u00e1r\">\u010c\u00edta\u0165 viac<\/a><\/p>\n","protected":false},"author":2,"featured_media":0,"comment_status":"open","ping_status":"open","sticky":false,"template":"","format":"standard","meta":{"footnotes":""},"categories":[5,6,7],"tags":[],"class_list":["post-29289","post","type-post","status-publish","format-standard","hentry","category-diakonia","category-myjavsky-seniorat","category-skalica"],"_links":{"self":[{"href":"https:\/\/www.e-anjelik.sk\/index.php\/wp-json\/wp\/v2\/posts\/29289","targetHints":{"allow":["GET"]}}],"collection":[{"href":"https:\/\/www.e-anjelik.sk\/index.php\/wp-json\/wp\/v2\/posts"}],"about":[{"href":"https:\/\/www.e-anjelik.sk\/index.php\/wp-json\/wp\/v2\/types\/post"}],"author":[{"embeddable":true,"href":"https:\/\/www.e-anjelik.sk\/index.php\/wp-json\/wp\/v2\/users\/2"}],"replies":[{"embeddable":true,"href":"https:\/\/www.e-anjelik.sk\/index.php\/wp-json\/wp\/v2\/comments?post=29289"}],"version-history":[{"count":0,"href":"https:\/\/www.e-anjelik.sk\/index.php\/wp-json\/wp\/v2\/posts\/29289\/revisions"}],"wp:attachment":[{"href":"https:\/\/www.e-anjelik.sk\/index.php\/wp-json\/wp\/v2\/media?parent=29289"}],"wp:term":[{"taxonomy":"category","embeddable":true,"href":"https:\/\/www.e-anjelik.sk\/index.php\/wp-json\/wp\/v2\/categories?post=29289"},{"taxonomy":"post_tag","embeddable":true,"href":"https:\/\/www.e-anjelik.sk\/index.php\/wp-json\/wp\/v2\/tags?post=29289"}],"curies":[{"name":"wp","href":"https:\/\/api.w.org\/{rel}","templated":true}]}}