{"id":29294,"date":"2015-10-28T11:31:33","date_gmt":"2015-10-28T09:31:33","guid":{"rendered":"http:\/\/www.evanjelik.sk\/?p=29294"},"modified":"2015-10-28T11:31:33","modified_gmt":"2015-10-28T09:31:33","slug":"konferencia-zvazu-kaiserwerthskej-diakonie","status":"publish","type":"post","link":"https:\/\/www.e-anjelik.sk\/index.php\/2015\/10\/28\/konferencia-zvazu-kaiserwerthskej-diakonie\/","title":{"rendered":"Konferencia Zv\u00e4zu Kaiserwerthskej diakonie"},"content":{"rendered":"<p>Zv\u00e4z Kaiserwerthskej diakonie tvor\u00ed v s\u00fa\u010dasnosti 70 nemeck\u00fdch a 23 zahrani\u010dn\u00fdch evanjelick\u00fdch diakonick\u00fdch domovov a organiz\u00e1ci\u00ed. Ka\u017ed\u00fd druh\u00fd rok sa kon\u00e1 ve\u013ek\u00e1 konferencia v inom \u0161t\u00e1te. Tohto roku v porad\u00ed 42. sa konala od 24. do 27. septembra 2015 v rak\u00faskom diakonickom stredisku v meste Gallneukirchen. T\u00e9mou konferencie bolo heslo: &#8220; Diakonia &#8211; siln\u00e1 zna\u010dka? ! Medzi hodnotovou orient\u00e1ciou a ekonomikou.&#8220; Na programe boli predn\u00e1\u0161ky, diskusie v skupin\u00e1ch, bohoslu\u017eby, pobo\u017enosti, n\u00e1v\u0161teva rak\u00faskych stred\u00edsk diakonie a vo\u013en\u00e9 rozhovory na spozn\u00e1vanie sa. Pr\u00edtomn\u00fdch bolo 130 \u00fa\u010dastn\u00edkov z 12 kraj\u00edn sveta.<\/p>\n<p>(www.evangelikus.hu, www.diakoniewerk.at)<\/p>\n","protected":false},"excerpt":{"rendered":"<p>Zv\u00e4z Kaiserwerthskej diakonie tvor\u00ed v s\u00fa\u010dasnosti 70 nemeck\u00fdch a 23 zahrani\u010dn\u00fdch evanjelick\u00fdch diakonick\u00fdch domovov a organiz\u00e1ci\u00ed. Ka\u017ed\u00fd druh\u00fd rok sa kon\u00e1 ve\u013ek\u00e1 konferencia v inom \u0161t\u00e1te. Tohto roku v porad\u00ed 42. sa konala od 24. do 27. septembra 2015 v rak\u00faskom diakonickom stredisku v meste Gallneukirchen. T\u00e9mou konferencie bolo heslo: &#8220; Diakonia &#8211; siln\u00e1 zna\u010dka? &#8230; <a title=\"Konferencia Zv\u00e4zu Kaiserwerthskej diakonie\" class=\"read-more\" href=\"https:\/\/www.e-anjelik.sk\/index.php\/2015\/10\/28\/konferencia-zvazu-kaiserwerthskej-diakonie\/\" aria-label=\"Pre\u010d\u00edtajte si viac o Konferencia Zv\u00e4zu Kaiserwerthskej diakonie\">\u010c\u00edta\u0165 viac<\/a><\/p>\n","protected":false},"author":2,"featured_media":0,"comment_status":"open","ping_status":"open","sticky":false,"template":"","format":"standard","meta":{"footnotes":""},"categories":[5,10],"tags":[],"class_list":["post-29294","post","type-post","status-publish","format-standard","hentry","category-diakonia","category-zo-sveta"],"_links":{"self":[{"href":"https:\/\/www.e-anjelik.sk\/index.php\/wp-json\/wp\/v2\/posts\/29294","targetHints":{"allow":["GET"]}}],"collection":[{"href":"https:\/\/www.e-anjelik.sk\/index.php\/wp-json\/wp\/v2\/posts"}],"about":[{"href":"https:\/\/www.e-anjelik.sk\/index.php\/wp-json\/wp\/v2\/types\/post"}],"author":[{"embeddable":true,"href":"https:\/\/www.e-anjelik.sk\/index.php\/wp-json\/wp\/v2\/users\/2"}],"replies":[{"embeddable":true,"href":"https:\/\/www.e-anjelik.sk\/index.php\/wp-json\/wp\/v2\/comments?post=29294"}],"version-history":[{"count":0,"href":"https:\/\/www.e-anjelik.sk\/index.php\/wp-json\/wp\/v2\/posts\/29294\/revisions"}],"wp:attachment":[{"href":"https:\/\/www.e-anjelik.sk\/index.php\/wp-json\/wp\/v2\/media?parent=29294"}],"wp:term":[{"taxonomy":"category","embeddable":true,"href":"https:\/\/www.e-anjelik.sk\/index.php\/wp-json\/wp\/v2\/categories?post=29294"},{"taxonomy":"post_tag","embeddable":true,"href":"https:\/\/www.e-anjelik.sk\/index.php\/wp-json\/wp\/v2\/tags?post=29294"}],"curies":[{"name":"wp","href":"https:\/\/api.w.org\/{rel}","templated":true}]}}