{"id":29296,"date":"2015-10-28T11:55:06","date_gmt":"2015-10-28T09:55:06","guid":{"rendered":"http:\/\/www.evanjelik.sk\/?p=29296"},"modified":"2015-10-28T11:55:06","modified_gmt":"2015-10-28T09:55:06","slug":"mladi-oslavia-narodeniny-evanjelickej-cirkvi","status":"publish","type":"post","link":"https:\/\/www.e-anjelik.sk\/index.php\/2015\/10\/28\/mladi-oslavia-narodeniny-evanjelickej-cirkvi\/","title":{"rendered":"Mlad\u00ed osl\u00e1via narodeniny evanjelickej cirkvi"},"content":{"rendered":"<p>Vy\u0161e 100 tis\u00edc mlad\u00fdch evanjelikov vo Wuerttembersku a po celom Nemecku si na Pamiatku reform\u00e1cie 31. okt\u00f3bra t.r. vo ve\u010dern\u00fdch hodin\u00e1ch pripomen\u00fa vznik svojej cirkvi akciou tzv. ChurchNight. Bud\u00fa to koncerty, stredovek\u00e9 trhy, ak\u010dn\u00e9 noci, z\u00e1\u017eitkov\u00e9 kostoly a ml\u00e1de\u017en\u00edcke bohoslu\u017eby. K nemeck\u00fdm ml\u00e1de\u017en\u00edkom sa tohto roku prip\u00e1jaj\u00fa aj ich s\u00faverci zo Slovinska, Ruska, Nam\u00edbie a z Argent\u00edny. Ofici\u00e1lny projekt zbierky tohtoro\u010dnej akcie ChurchNight je ur\u010den\u00fd pre ml\u00e1de\u017en\u00edcku pr\u00e1cu YMCA\u00a0 na severe africk\u00e9ho \u0161t\u00e1tu Nig\u00e9ria.<\/p>\n<p>(www.elk-wue.de)<\/p>\n","protected":false},"excerpt":{"rendered":"<p>Vy\u0161e 100 tis\u00edc mlad\u00fdch evanjelikov vo Wuerttembersku a po celom Nemecku si na Pamiatku reform\u00e1cie 31. okt\u00f3bra t.r. vo ve\u010dern\u00fdch hodin\u00e1ch pripomen\u00fa vznik svojej cirkvi akciou tzv. ChurchNight. Bud\u00fa to koncerty, stredovek\u00e9 trhy, ak\u010dn\u00e9 noci, z\u00e1\u017eitkov\u00e9 kostoly a ml\u00e1de\u017en\u00edcke bohoslu\u017eby. K nemeck\u00fdm ml\u00e1de\u017en\u00edkom sa tohto roku prip\u00e1jaj\u00fa aj ich s\u00faverci zo Slovinska, Ruska, Nam\u00edbie a &#8230; <a title=\"Mlad\u00ed osl\u00e1via narodeniny evanjelickej cirkvi\" class=\"read-more\" href=\"https:\/\/www.e-anjelik.sk\/index.php\/2015\/10\/28\/mladi-oslavia-narodeniny-evanjelickej-cirkvi\/\" aria-label=\"Pre\u010d\u00edtajte si viac o Mlad\u00ed osl\u00e1via narodeniny evanjelickej cirkvi\">\u010c\u00edta\u0165 viac<\/a><\/p>\n","protected":false},"author":2,"featured_media":0,"comment_status":"open","ping_status":"open","sticky":false,"template":"","format":"standard","meta":{"footnotes":""},"categories":[13,26,10],"tags":[],"class_list":["post-29296","post","type-post","status-publish","format-standard","hentry","category-mladez","category-pamiatka-reformacie","category-zo-sveta"],"_links":{"self":[{"href":"https:\/\/www.e-anjelik.sk\/index.php\/wp-json\/wp\/v2\/posts\/29296","targetHints":{"allow":["GET"]}}],"collection":[{"href":"https:\/\/www.e-anjelik.sk\/index.php\/wp-json\/wp\/v2\/posts"}],"about":[{"href":"https:\/\/www.e-anjelik.sk\/index.php\/wp-json\/wp\/v2\/types\/post"}],"author":[{"embeddable":true,"href":"https:\/\/www.e-anjelik.sk\/index.php\/wp-json\/wp\/v2\/users\/2"}],"replies":[{"embeddable":true,"href":"https:\/\/www.e-anjelik.sk\/index.php\/wp-json\/wp\/v2\/comments?post=29296"}],"version-history":[{"count":0,"href":"https:\/\/www.e-anjelik.sk\/index.php\/wp-json\/wp\/v2\/posts\/29296\/revisions"}],"wp:attachment":[{"href":"https:\/\/www.e-anjelik.sk\/index.php\/wp-json\/wp\/v2\/media?parent=29296"}],"wp:term":[{"taxonomy":"category","embeddable":true,"href":"https:\/\/www.e-anjelik.sk\/index.php\/wp-json\/wp\/v2\/categories?post=29296"},{"taxonomy":"post_tag","embeddable":true,"href":"https:\/\/www.e-anjelik.sk\/index.php\/wp-json\/wp\/v2\/tags?post=29296"}],"curies":[{"name":"wp","href":"https:\/\/api.w.org\/{rel}","templated":true}]}}