{"id":29298,"date":"2015-10-28T20:45:07","date_gmt":"2015-10-28T18:45:07","guid":{"rendered":"http:\/\/www.evanjelik.sk\/?p=29298"},"modified":"2015-10-28T20:45:07","modified_gmt":"2015-10-28T18:45:07","slug":"evanjelicke-sluzby-bozie-v-rtvs-v-sobotu","status":"publish","type":"post","link":"https:\/\/www.e-anjelik.sk\/index.php\/2015\/10\/28\/evanjelicke-sluzby-bozie-v-rtvs-v-sobotu\/","title":{"rendered":"Evanjelick\u00e9 slu\u017eby Bo\u017eie v RTVS v sobotu"},"content":{"rendered":"<p>RTVS v sobotu 31. okt. 2015 na Pamiatku reform\u00e1cie odvysiela v priamom prenose na Dvojke o 10.00 hodine evanjelick\u00e9 a.v. slu\u017eby Bo\u017eie z kostola v Kukovej, \u0161ari\u0161sko-zempl\u00ednsky senior\u00e1t. Slovo Bo\u017eie bude zvestova\u0165 br. \u00a0Slavom\u00edr Sabol, biskup VD ECAV. Liturguj\u00fa :\u00a0 Mgr. \u013dubo\u0161 \u010cin\u010dur\u00e1k, zborov\u00fd far\u00e1r a Mgr. \u00a0Anna \u010cin\u010dur\u00e1kov\u00e1, zborov\u00e1 kapl\u00e1nka. Spieva\u0165 sa bud\u00fa piesne z ES\u00a0 \u010d. 186, 274, 264, 1.ver\u0161, 263, A 65. Na sl\u00e1vu Bo\u017eiu zaspieva dom\u00e1ci spevokol Ismael a po\u010das vysluhovania Ve\u010dere P\u00e1novej zaspieva s\u00fabor\u00a0z umeleckej \u0161koly\u00a0z Giraltoviec. Slu\u017eby Bo\u017eie obohat\u00ed aj hra na husle a organ.<\/p>\n<p>&nbsp;<\/p>\n","protected":false},"excerpt":{"rendered":"<p>RTVS v sobotu 31. okt. 2015 na Pamiatku reform\u00e1cie odvysiela v priamom prenose na Dvojke o 10.00 hodine evanjelick\u00e9 a.v. slu\u017eby Bo\u017eie z kostola v Kukovej, \u0161ari\u0161sko-zempl\u00ednsky senior\u00e1t. Slovo Bo\u017eie bude zvestova\u0165 br. \u00a0Slavom\u00edr Sabol, biskup VD ECAV. Liturguj\u00fa :\u00a0 Mgr. \u013dubo\u0161 \u010cin\u010dur\u00e1k, zborov\u00fd far\u00e1r a Mgr. \u00a0Anna \u010cin\u010dur\u00e1kov\u00e1, zborov\u00e1 kapl\u00e1nka. Spieva\u0165 sa bud\u00fa piesne &#8230; <a title=\"Evanjelick\u00e9 slu\u017eby Bo\u017eie v RTVS v sobotu\" class=\"read-more\" href=\"https:\/\/www.e-anjelik.sk\/index.php\/2015\/10\/28\/evanjelicke-sluzby-bozie-v-rtvs-v-sobotu\/\" aria-label=\"Pre\u010d\u00edtajte si viac o Evanjelick\u00e9 slu\u017eby Bo\u017eie v RTVS v sobotu\">\u010c\u00edta\u0165 viac<\/a><\/p>\n","protected":false},"author":2,"featured_media":0,"comment_status":"open","ping_status":"open","sticky":false,"template":"","format":"standard","meta":{"footnotes":""},"categories":[26],"tags":[],"class_list":["post-29298","post","type-post","status-publish","format-standard","hentry","category-pamiatka-reformacie"],"_links":{"self":[{"href":"https:\/\/www.e-anjelik.sk\/index.php\/wp-json\/wp\/v2\/posts\/29298","targetHints":{"allow":["GET"]}}],"collection":[{"href":"https:\/\/www.e-anjelik.sk\/index.php\/wp-json\/wp\/v2\/posts"}],"about":[{"href":"https:\/\/www.e-anjelik.sk\/index.php\/wp-json\/wp\/v2\/types\/post"}],"author":[{"embeddable":true,"href":"https:\/\/www.e-anjelik.sk\/index.php\/wp-json\/wp\/v2\/users\/2"}],"replies":[{"embeddable":true,"href":"https:\/\/www.e-anjelik.sk\/index.php\/wp-json\/wp\/v2\/comments?post=29298"}],"version-history":[{"count":0,"href":"https:\/\/www.e-anjelik.sk\/index.php\/wp-json\/wp\/v2\/posts\/29298\/revisions"}],"wp:attachment":[{"href":"https:\/\/www.e-anjelik.sk\/index.php\/wp-json\/wp\/v2\/media?parent=29298"}],"wp:term":[{"taxonomy":"category","embeddable":true,"href":"https:\/\/www.e-anjelik.sk\/index.php\/wp-json\/wp\/v2\/categories?post=29298"},{"taxonomy":"post_tag","embeddable":true,"href":"https:\/\/www.e-anjelik.sk\/index.php\/wp-json\/wp\/v2\/tags?post=29298"}],"curies":[{"name":"wp","href":"https:\/\/api.w.org\/{rel}","templated":true}]}}