{"id":29305,"date":"2015-10-30T17:37:59","date_gmt":"2015-10-30T15:37:59","guid":{"rendered":"http:\/\/www.evanjelik.sk\/?p=29305"},"modified":"2015-10-30T17:37:59","modified_gmt":"2015-10-30T15:37:59","slug":"pastiersky-list-zboru-biskupov-ecav-k-pamiatke-reformacie","status":"publish","type":"post","link":"https:\/\/www.e-anjelik.sk\/index.php\/2015\/10\/30\/pastiersky-list-zboru-biskupov-ecav-k-pamiatke-reformacie\/","title":{"rendered":"Pastiersky list Zboru biskupov ECAV k Pamiatke reform\u00e1cie"},"content":{"rendered":"<p>Bratia a sestry v P\u00e1novi Je\u017ei\u0161ovi Kristovi!<\/p>\n<p>V\u00fdznam tohto d\u0148a pre n\u00e1s, dedi\u010dov Lutherovej reform\u00e1cie, je predov\u0161etk\u00fdm v mo\u017enosti n\u00e1js\u0165 alebo znovu objavi\u0165 zdroj, duchovn\u00e9ho povzbudenia a nov\u00e9ho nad\u0161enia za Bo\u017eie veci na tomto svete. Dne\u0161n\u00fd sviatok n\u00e1m pon\u00faka mo\u017enos\u0165 zhodi\u0165 bremeno v\u0161ednosti a malovernosti, ktor\u00e1 n\u00e1s sp\u00fatava.<\/p>\n<p>U\u010dme sa zo sk\u00fasenost\u00ed Dr. Martina Luthera, z jeho vierou\u010dn\u00e9ho precitnutia a nov\u00e9ho poh\u013eadu viery. To, \u010do zmenilo jeho \u017eivot, bolo pr\u00e1ve spr\u00e1vne pochopenie evanjelia Je\u017ei\u0161a Krista a Bo\u017eej spravodlivosti. V\u0161etko sa udialo na z\u00e1klade Bo\u017eieho slova &#8211; nielen prostredn\u00edctvom rozumu, preto-\u017ee len \u013eudsk\u00fd rozum a logika na pochopenie a prijatie Bo\u017eej spravodlivosti nesta\u010dia.<\/p>\n<p>P\u00e1n Boh prij\u00edma a ospravedl\u0148uje \u010dloveka zo svojej milosti. Za v\u0161etko zaplatil s\u00e1m Boh &#8211; v Je\u017ei\u0161ovi Kristovi. On trpel a umrel za n\u00e1s &#8211; na kr\u00ed\u017ei. Ve\u013emi draho sme boli vyk\u00fapen\u00ed!<\/p>\n<p>T\u00e1to ve\u013ek\u00e1, oslobodzuj\u00faca pravda d\u00e1va veriacemu \u010dloveku dar prav\u00e9ho pokoja. Je to pokoj, kto-r\u00fd oslobodzuje od neistoty v ot\u00e1zke sp\u00e1sy, \u201eLebo milos\u0165ou ste spasen\u00ed skrze vieru. A to nie sami zo seba; je to dar Bo\u017e\u00ed; nie zo skutkov, aby sa nikto nechv\u00e1lil\u201c. Tak to \u010d\u00edtame v Liste apo\u0161tola Pavla efezsk\u00fdm kres\u0165anom v 2. kapitole (8. a 9. v.).<\/p>\n<p>T\u00fdmto nov\u00fdm poznan\u00edm na\u0161iel Luther pr\u00edstup, cestu k Bo\u017eej milosti, pevn\u00fd z\u00e1klad viery, a tak aj cel\u00e9ho svojho \u017eivota. Ako Martin Luther, tak aj my m\u00f4\u017eeme v tomto n\u00e1js\u0165 zdroj duchovn\u00e9ho nad\u0161enia, stato\u010dnosti, odvahy a nezlomnosti, trpezlivosti aj n\u00e1deje. M\u00f4\u017eeme nanovo objavi\u0165 alebo si nanovo uvedomi\u0165, \u017ee evanjelium je moc Bo\u017eia na spasenie ka\u017ed\u00e9mu veriacemu.<\/p>\n<p>L\u00e1ska P\u00e1na Je\u017ei\u0161a Krista je moc, ktor\u00e1 veriaceho \u010dloveka vedie skrze Ducha Sv\u00e4t\u00e9ho. D\u00e1va schopnos\u0165 spr\u00e1vnym sp\u00f4sobom a \u00fa\u010dinne sl\u00fa\u017ei\u0165 v l\u00e1ske ka\u017ed\u00e9mu, kto na\u0161u slu\u017ebu l\u00e1sky potrebuje. Prosme Ducha Sv\u00e4t\u00e9ho o m\u00fadros\u0165 k l\u00e1ske, aby sme svojimi postojmi a konan\u00edm boli skuto\u010dn\u00fdmi nasledovn\u00edkmi P\u00e1na Je\u017ei\u0161a Krista, a to ka\u017ed\u00fd de\u0148, vo v\u0161etk\u00fdch radostiach aj probl\u00e9moch n\u00e1\u0161ho osobn\u00e9ho \u017eivota, ale i \u017eivota cirkvi a spolo\u010dnosti.<\/p>\n<p>Jedine z milosti Bo\u017eej, jedine pre z\u00e1sluhy P\u00e1na Je\u017ei\u0161a Krista, jedine skrze vieru &#8211; to prin\u00e1\u0161a do \u017eivota nov\u00e9 nad\u0161enie, prav\u00fd pokoj, n\u00e1dej ve\u010dnej sl\u00e1vy a schopnos\u0165 slu\u017eby l\u00e1sky.<\/p>\n<p>S bratsk\u00fdm pozdravom,<\/p>\n<p>Milan Krivda Milo\u0161 Kl\u00e1tik Slavom\u00edr Sabol<\/p>\n<p>biskup ZD gener\u00e1lny biskup biskup VD<\/p>\n<p>31. okt\u00f3bra 2015<\/p>\n","protected":false},"excerpt":{"rendered":"<p>Bratia a sestry v P\u00e1novi Je\u017ei\u0161ovi Kristovi! V\u00fdznam tohto d\u0148a pre n\u00e1s, dedi\u010dov Lutherovej reform\u00e1cie, je predov\u0161etk\u00fdm v mo\u017enosti n\u00e1js\u0165 alebo znovu objavi\u0165 zdroj, duchovn\u00e9ho povzbudenia a nov\u00e9ho nad\u0161enia za Bo\u017eie veci na tomto svete. Dne\u0161n\u00fd sviatok n\u00e1m pon\u00faka mo\u017enos\u0165 zhodi\u0165 bremeno v\u0161ednosti a malovernosti, ktor\u00e1 n\u00e1s sp\u00fatava. U\u010dme sa zo sk\u00fasenost\u00ed Dr. Martina Luthera, &#8230; <a title=\"Pastiersky list Zboru biskupov ECAV k Pamiatke reform\u00e1cie\" class=\"read-more\" href=\"https:\/\/www.e-anjelik.sk\/index.php\/2015\/10\/30\/pastiersky-list-zboru-biskupov-ecav-k-pamiatke-reformacie\/\" aria-label=\"Pre\u010d\u00edtajte si viac o Pastiersky list Zboru biskupov ECAV k Pamiatke reform\u00e1cie\">\u010c\u00edta\u0165 viac<\/a><\/p>\n","protected":false},"author":2,"featured_media":0,"comment_status":"open","ping_status":"open","sticky":false,"template":"","format":"standard","meta":{"footnotes":""},"categories":[26,78],"tags":[],"class_list":["post-29305","post","type-post","status-publish","format-standard","hentry","category-pamiatka-reformacie","category-zbor-biskupov-ecav"],"_links":{"self":[{"href":"https:\/\/www.e-anjelik.sk\/index.php\/wp-json\/wp\/v2\/posts\/29305","targetHints":{"allow":["GET"]}}],"collection":[{"href":"https:\/\/www.e-anjelik.sk\/index.php\/wp-json\/wp\/v2\/posts"}],"about":[{"href":"https:\/\/www.e-anjelik.sk\/index.php\/wp-json\/wp\/v2\/types\/post"}],"author":[{"embeddable":true,"href":"https:\/\/www.e-anjelik.sk\/index.php\/wp-json\/wp\/v2\/users\/2"}],"replies":[{"embeddable":true,"href":"https:\/\/www.e-anjelik.sk\/index.php\/wp-json\/wp\/v2\/comments?post=29305"}],"version-history":[{"count":0,"href":"https:\/\/www.e-anjelik.sk\/index.php\/wp-json\/wp\/v2\/posts\/29305\/revisions"}],"wp:attachment":[{"href":"https:\/\/www.e-anjelik.sk\/index.php\/wp-json\/wp\/v2\/media?parent=29305"}],"wp:term":[{"taxonomy":"category","embeddable":true,"href":"https:\/\/www.e-anjelik.sk\/index.php\/wp-json\/wp\/v2\/categories?post=29305"},{"taxonomy":"post_tag","embeddable":true,"href":"https:\/\/www.e-anjelik.sk\/index.php\/wp-json\/wp\/v2\/tags?post=29305"}],"curies":[{"name":"wp","href":"https:\/\/api.w.org\/{rel}","templated":true}]}}