{"id":2931,"date":"2010-07-02T09:00:19","date_gmt":"2010-07-02T09:00:19","guid":{"rendered":"http:\/\/e-anjelik.sk\/?p=2931"},"modified":"2010-07-02T09:00:19","modified_gmt":"2010-07-02T09:00:19","slug":"papez-vymenoval-novych-hodnostarov-vatikanu","status":"publish","type":"post","link":"https:\/\/www.e-anjelik.sk\/index.php\/2010\/07\/02\/papez-vymenoval-novych-hodnostarov-vatikanu\/","title":{"rendered":"P\u00e1pe\u017e vymenoval nov\u00fdch hodnost\u00e1rov Vatik\u00e1nu"},"content":{"rendered":"<p>V stredu p&aacute;pe\u017e vymenoval troch nov&yacute;ch vysok&yacute;ch hodnost&aacute;rov do vatik&aacute;nskej k&uacute;rie. Ako n&aacute;stupca 77-ro\u010dn&eacute;ho nemeck&eacute;ho kardin&aacute;la Waltera Kaspera v &uacute;rade prezidenta P&aacute;pe\u017eskej rady pre napom&aacute;hanie jednoty kres\u0165anov bol vymenovan&yacute; 60-ro\u010dn&yacute; bazilejsk&yacute; biskup&nbsp; Kurt Koch. S&uacute;\u010dasne v &uacute;rade prefekta Kongreg&aacute;cie&nbsp;pre&nbsp; biskupov p&aacute;pe\u017e menoval namiesto doteraj&scaron;ieho 76-ro\u010dn&eacute;ho kardin&aacute;la Giovanniho Battistu Re 66-ro\u010dn&eacute;ho biskupa z Qu&eacute;becu Marca Ouletta. Pre novozriaden&yacute; post P&aacute;pe\u017eskej rady pre napom&aacute;hanie novej evanjeliz&aacute;cie Benedikt XVI. vymenoval prezidenta P&aacute;pe\u017eskej akad&eacute;mie pre \u017eivot a rektora P&aacute;pe\u017eskej later&aacute;nskej univerzity , 58-ro\u010dn&eacute;ho arcibiskupa Salvatore Fisichellu.<\/p>\n<p>(<a href=\"http:\/\/www.epd.de\">www.epd.de<\/a>)<\/p>\n","protected":false},"excerpt":{"rendered":"<p>V stredu p&aacute;pe\u017e vymenoval troch nov&yacute;ch vysok&yacute;ch hodnost&aacute;rov do vatik&aacute;nskej k&uacute;rie. Ako n&aacute;stupca 77-ro\u010dn&eacute;ho nemeck&eacute;ho kardin&aacute;la Waltera Kaspera v &uacute;rade prezidenta P&aacute;pe\u017eskej rady pre napom&aacute;hanie jednoty kres\u0165anov bol vymenovan&yacute; 60-ro\u010dn&yacute; bazilejsk&yacute; biskup&nbsp; Kurt Koch. S&uacute;\u010dasne v &uacute;rade prefekta Kongreg&aacute;cie&nbsp;pre&nbsp; biskupov p&aacute;pe\u017e menoval namiesto doteraj&scaron;ieho 76-ro\u010dn&eacute;ho kardin&aacute;la Giovanniho Battistu Re 66-ro\u010dn&eacute;ho biskupa z Qu&eacute;becu Marca Ouletta. &#8230; <a title=\"P\u00e1pe\u017e vymenoval nov\u00fdch hodnost\u00e1rov Vatik\u00e1nu\" class=\"read-more\" href=\"https:\/\/www.e-anjelik.sk\/index.php\/2010\/07\/02\/papez-vymenoval-novych-hodnostarov-vatikanu\/\" aria-label=\"Pre\u010d\u00edtajte si viac o P\u00e1pe\u017e vymenoval nov\u00fdch hodnost\u00e1rov Vatik\u00e1nu\">\u010c\u00edta\u0165 viac<\/a><\/p>\n","protected":false},"author":22,"featured_media":0,"comment_status":"open","ping_status":"open","sticky":false,"template":"","format":"standard","meta":{"footnotes":""},"categories":[2],"tags":[],"class_list":["post-2931","post","type-post","status-publish","format-standard","hentry","category-ekumena"],"_links":{"self":[{"href":"https:\/\/www.e-anjelik.sk\/index.php\/wp-json\/wp\/v2\/posts\/2931","targetHints":{"allow":["GET"]}}],"collection":[{"href":"https:\/\/www.e-anjelik.sk\/index.php\/wp-json\/wp\/v2\/posts"}],"about":[{"href":"https:\/\/www.e-anjelik.sk\/index.php\/wp-json\/wp\/v2\/types\/post"}],"author":[{"embeddable":true,"href":"https:\/\/www.e-anjelik.sk\/index.php\/wp-json\/wp\/v2\/users\/22"}],"replies":[{"embeddable":true,"href":"https:\/\/www.e-anjelik.sk\/index.php\/wp-json\/wp\/v2\/comments?post=2931"}],"version-history":[{"count":0,"href":"https:\/\/www.e-anjelik.sk\/index.php\/wp-json\/wp\/v2\/posts\/2931\/revisions"}],"wp:attachment":[{"href":"https:\/\/www.e-anjelik.sk\/index.php\/wp-json\/wp\/v2\/media?parent=2931"}],"wp:term":[{"taxonomy":"category","embeddable":true,"href":"https:\/\/www.e-anjelik.sk\/index.php\/wp-json\/wp\/v2\/categories?post=2931"},{"taxonomy":"post_tag","embeddable":true,"href":"https:\/\/www.e-anjelik.sk\/index.php\/wp-json\/wp\/v2\/tags?post=2931"}],"curies":[{"name":"wp","href":"https:\/\/api.w.org\/{rel}","templated":true}]}}