{"id":29344,"date":"2015-11-03T05:30:11","date_gmt":"2015-11-03T03:30:11","guid":{"rendered":"http:\/\/www.evanjelik.sk\/?p=29344"},"modified":"2015-11-03T05:30:11","modified_gmt":"2015-11-03T03:30:11","slug":"ako-bude-v-turecku-po-volbach","status":"publish","type":"post","link":"https:\/\/www.e-anjelik.sk\/index.php\/2015\/11\/03\/ako-bude-v-turecku-po-volbach\/","title":{"rendered":"Ako bude v Turecku po vo\u013eb\u00e1ch?"},"content":{"rendered":"<ol>\n<li>novembra boli v Turecku parlamentn\u00e9 vo\u013eby. Drvivou v\u00e4\u010d\u0161inou zv\u00ed\u0165azila v nich konzervat\u00edvno &#8211; islamsk\u00e1 pravicov\u00e1 strana prezidenta Erdogana (AKP). Z\u00edskala a\u017e 49% hlasov, a t\u00fdm absol\u00fatnu v\u00e4\u010d\u0161inu. Nemeck\u00ed aktivisti za \u013eudsk\u00e9 pr\u00e1va sa teraz ob\u00e1vaj\u00fa, \u017ee stav n\u00e1bo\u017eensk\u00fdch men\u0161\u00edn sa zhor\u0161\u00ed &#8211; predov\u0161etk\u00fdm kres\u0165anov. Spolo\u010dnos\u0165 pre ohrozen\u00e9 n\u00e1rody v Goettingene o\u010dak\u00e1va, \u017ee Erdogan teraz zosiln\u00ed islamiz\u00e1ciu Turecka. Prezident v predvolebnej kampani hral n\u00e1bo\u017eenskou &#8220; kartou&#8220; a demon\u0161trat\u00edvne vystupoval v ruke s Kor\u00e1nom. Po\u010d\u00edta sa s t\u00fdm, \u017ee modern\u00ed konzervat\u00edvci sa t\u00fdm radikalizovali. Obavy sa vyslovuj\u00fa o kres\u0165ansk\u00fdch Aramejcov a Arm\u00e9nov. Ich diskrimin\u00e1cia vo v\u0161ednom \u017eivote bude narasta\u0165. V Nemecku kritizuj\u00fa aj kancel\u00e1rku Merkelov\u00fa, \u017ee svojou n\u00e1v\u0161tevou v Turecku pred vo\u013ebami podporila stranu AKP.<\/li>\n<\/ol>\n<p>(www.idea.de)<\/p>\n","protected":false},"excerpt":{"rendered":"<p>novembra boli v Turecku parlamentn\u00e9 vo\u013eby. Drvivou v\u00e4\u010d\u0161inou zv\u00ed\u0165azila v nich konzervat\u00edvno &#8211; islamsk\u00e1 pravicov\u00e1 strana prezidenta Erdogana (AKP). Z\u00edskala a\u017e 49% hlasov, a t\u00fdm absol\u00fatnu v\u00e4\u010d\u0161inu. Nemeck\u00ed aktivisti za \u013eudsk\u00e9 pr\u00e1va sa teraz ob\u00e1vaj\u00fa, \u017ee stav n\u00e1bo\u017eensk\u00fdch men\u0161\u00edn sa zhor\u0161\u00ed &#8211; predov\u0161etk\u00fdm kres\u0165anov. Spolo\u010dnos\u0165 pre ohrozen\u00e9 n\u00e1rody v Goettingene o\u010dak\u00e1va, \u017ee Erdogan teraz zosiln\u00ed &#8230; <a title=\"Ako bude v Turecku po vo\u013eb\u00e1ch?\" class=\"read-more\" href=\"https:\/\/www.e-anjelik.sk\/index.php\/2015\/11\/03\/ako-bude-v-turecku-po-volbach\/\" aria-label=\"Pre\u010d\u00edtajte si viac o Ako bude v Turecku po vo\u013eb\u00e1ch?\">\u010c\u00edta\u0165 viac<\/a><\/p>\n","protected":false},"author":2,"featured_media":0,"comment_status":"open","ping_status":"open","sticky":false,"template":"","format":"standard","meta":{"footnotes":""},"categories":[10],"tags":[],"class_list":["post-29344","post","type-post","status-publish","format-standard","hentry","category-zo-sveta"],"_links":{"self":[{"href":"https:\/\/www.e-anjelik.sk\/index.php\/wp-json\/wp\/v2\/posts\/29344","targetHints":{"allow":["GET"]}}],"collection":[{"href":"https:\/\/www.e-anjelik.sk\/index.php\/wp-json\/wp\/v2\/posts"}],"about":[{"href":"https:\/\/www.e-anjelik.sk\/index.php\/wp-json\/wp\/v2\/types\/post"}],"author":[{"embeddable":true,"href":"https:\/\/www.e-anjelik.sk\/index.php\/wp-json\/wp\/v2\/users\/2"}],"replies":[{"embeddable":true,"href":"https:\/\/www.e-anjelik.sk\/index.php\/wp-json\/wp\/v2\/comments?post=29344"}],"version-history":[{"count":0,"href":"https:\/\/www.e-anjelik.sk\/index.php\/wp-json\/wp\/v2\/posts\/29344\/revisions"}],"wp:attachment":[{"href":"https:\/\/www.e-anjelik.sk\/index.php\/wp-json\/wp\/v2\/media?parent=29344"}],"wp:term":[{"taxonomy":"category","embeddable":true,"href":"https:\/\/www.e-anjelik.sk\/index.php\/wp-json\/wp\/v2\/categories?post=29344"},{"taxonomy":"post_tag","embeddable":true,"href":"https:\/\/www.e-anjelik.sk\/index.php\/wp-json\/wp\/v2\/tags?post=29344"}],"curies":[{"name":"wp","href":"https:\/\/api.w.org\/{rel}","templated":true}]}}