{"id":29353,"date":"2015-11-05T11:48:17","date_gmt":"2015-11-05T09:48:17","guid":{"rendered":"http:\/\/www.evanjelik.sk\/?p=29353"},"modified":"2015-11-05T11:48:17","modified_gmt":"2015-11-05T09:48:17","slug":"pomoc-z-nemecka-pre-gbu-ecav-v-bratislave","status":"publish","type":"post","link":"https:\/\/www.e-anjelik.sk\/index.php\/2015\/11\/05\/pomoc-z-nemecka-pre-gbu-ecav-v-bratislave\/","title":{"rendered":"Pomoc z Nemecka pre GB\u00da ECAV v Bratislave"},"content":{"rendered":"<p>Gener\u00e1lny biskupsk\u00fd \u00farad ECAV v Bratislave dostal z Nemecka dve v\u00fdkonn\u00e9 kop\u00edrky. Na z\u00e1klade listu gener\u00e1lneho biskupa ECAV M. Kl\u00e1tika ich zak\u00fapila Spojen\u00e1 evanjelicko-luter\u00e1nska cirkev Nemecka (VELKD) a Spolok Martina Luthera v Erlangene.\u00a0 Obe multifunk\u010dn\u00e9 kop\u00edrky nahradia star\u00e9 z rokov 2005 a 2010 , ktor\u00e9 s\u00fa u\u017e opotrebovan\u00e9 a \u010dasto potrebovali opravy, a t\u00fdm aj finan\u010dn\u00e9 invest\u00edcie na ne. Nov\u00e9 zariadenia bud\u00fa sl\u00fa\u017ei\u0165 nielen pre GB\u00da, ale aj pre Evanjelick\u00fa diakoniu a cel\u00fa cirkev. Za poskytnut\u00e9 dary po\u010fakoval listom darcom zahrani\u010dn\u00fd referent\u00a0 GB\u00da Samuel Mi\u0161ko.<\/p>\n<p>(www.martin-luther-bund.de)<\/p>\n","protected":false},"excerpt":{"rendered":"<p>Gener\u00e1lny biskupsk\u00fd \u00farad ECAV v Bratislave dostal z Nemecka dve v\u00fdkonn\u00e9 kop\u00edrky. Na z\u00e1klade listu gener\u00e1lneho biskupa ECAV M. Kl\u00e1tika ich zak\u00fapila Spojen\u00e1 evanjelicko-luter\u00e1nska cirkev Nemecka (VELKD) a Spolok Martina Luthera v Erlangene.\u00a0 Obe multifunk\u010dn\u00e9 kop\u00edrky nahradia star\u00e9 z rokov 2005 a 2010 , ktor\u00e9 s\u00fa u\u017e opotrebovan\u00e9 a \u010dasto potrebovali opravy, a t\u00fdm aj &#8230; <a title=\"Pomoc z Nemecka pre GB\u00da ECAV v Bratislave\" class=\"read-more\" href=\"https:\/\/www.e-anjelik.sk\/index.php\/2015\/11\/05\/pomoc-z-nemecka-pre-gbu-ecav-v-bratislave\/\" aria-label=\"Pre\u010d\u00edtajte si viac o Pomoc z Nemecka pre GB\u00da ECAV v Bratislave\">\u010c\u00edta\u0165 viac<\/a><\/p>\n","protected":false},"author":2,"featured_media":0,"comment_status":"open","ping_status":"open","sticky":false,"template":"","format":"standard","meta":{"footnotes":""},"categories":[5,9,177],"tags":[],"class_list":["post-29353","post","type-post","status-publish","format-standard","hentry","category-diakonia","category-europa","category-gbu"],"_links":{"self":[{"href":"https:\/\/www.e-anjelik.sk\/index.php\/wp-json\/wp\/v2\/posts\/29353","targetHints":{"allow":["GET"]}}],"collection":[{"href":"https:\/\/www.e-anjelik.sk\/index.php\/wp-json\/wp\/v2\/posts"}],"about":[{"href":"https:\/\/www.e-anjelik.sk\/index.php\/wp-json\/wp\/v2\/types\/post"}],"author":[{"embeddable":true,"href":"https:\/\/www.e-anjelik.sk\/index.php\/wp-json\/wp\/v2\/users\/2"}],"replies":[{"embeddable":true,"href":"https:\/\/www.e-anjelik.sk\/index.php\/wp-json\/wp\/v2\/comments?post=29353"}],"version-history":[{"count":0,"href":"https:\/\/www.e-anjelik.sk\/index.php\/wp-json\/wp\/v2\/posts\/29353\/revisions"}],"wp:attachment":[{"href":"https:\/\/www.e-anjelik.sk\/index.php\/wp-json\/wp\/v2\/media?parent=29353"}],"wp:term":[{"taxonomy":"category","embeddable":true,"href":"https:\/\/www.e-anjelik.sk\/index.php\/wp-json\/wp\/v2\/categories?post=29353"},{"taxonomy":"post_tag","embeddable":true,"href":"https:\/\/www.e-anjelik.sk\/index.php\/wp-json\/wp\/v2\/tags?post=29353"}],"curies":[{"name":"wp","href":"https:\/\/api.w.org\/{rel}","templated":true}]}}