{"id":29355,"date":"2015-11-05T12:20:34","date_gmt":"2015-11-05T10:20:34","guid":{"rendered":"http:\/\/www.evanjelik.sk\/?p=29355"},"modified":"2015-11-05T12:20:34","modified_gmt":"2015-11-05T10:20:34","slug":"urady-v-ruskom-meste-jaroslavl-vratili-ev-cirkvi-chram","status":"publish","type":"post","link":"https:\/\/www.e-anjelik.sk\/index.php\/2015\/11\/05\/urady-v-ruskom-meste-jaroslavl-vratili-ev-cirkvi-chram\/","title":{"rendered":"\u00darady v ruskom  meste Jaroslav\u013e vr\u00e1tili ev. cirkvi chr\u00e1m"},"content":{"rendered":"<p>29. okt\u00f3bra 2015 poslanci mestsk\u00e9 zastupite\u013estva na radnici v Jaroslavli odhlasovali, \u017ee budova tamoj\u0161ieho evanjelick\u00e9ho kostola Sv. Petra a Pavla bude vr\u00e1ten\u00e1 do vlastn\u00edctva evanjelicko-luter\u00e1nskej cirkvi. Kostol si postavili evanjelici za vlastn\u00e9 prostriedky v rokoch 1846-1848 pod\u013ea projektu architekta Petra Pe\u0148kova. V roku 1934 po\u010das stalinsk\u00fdch represi\u00ed im bol kostol zo\u0161t\u00e1tnen\u00fd. Budova sl\u00fa\u017eila na sekul\u00e1rne \u00fa\u010dely. Na z\u00e1klade feder\u00e1lneho z\u00e1kona RF musia \u00farady v\u0161etky sakr\u00e1lne budovy vr\u00e1ti\u0165 p\u00f4vodn\u00fdm majite\u013eom. Budova chr\u00e1mu je v dezol\u00e1tnom stave. S jeho opravou za\u010dali u\u017e v roku 2001.<\/p>\n<p>(www.elkras.ru)<\/p>\n<p>&nbsp;<\/p>\n","protected":false},"excerpt":{"rendered":"<p>29. okt\u00f3bra 2015 poslanci mestsk\u00e9 zastupite\u013estva na radnici v Jaroslavli odhlasovali, \u017ee budova tamoj\u0161ieho evanjelick\u00e9ho kostola Sv. Petra a Pavla bude vr\u00e1ten\u00e1 do vlastn\u00edctva evanjelicko-luter\u00e1nskej cirkvi. Kostol si postavili evanjelici za vlastn\u00e9 prostriedky v rokoch 1846-1848 pod\u013ea projektu architekta Petra Pe\u0148kova. V roku 1934 po\u010das stalinsk\u00fdch represi\u00ed im bol kostol zo\u0161t\u00e1tnen\u00fd. Budova sl\u00fa\u017eila na sekul\u00e1rne &#8230; <a title=\"\u00darady v ruskom  meste Jaroslav\u013e vr\u00e1tili ev. cirkvi chr\u00e1m\" class=\"read-more\" href=\"https:\/\/www.e-anjelik.sk\/index.php\/2015\/11\/05\/urady-v-ruskom-meste-jaroslavl-vratili-ev-cirkvi-chram\/\" aria-label=\"Pre\u010d\u00edtajte si viac o \u00darady v ruskom  meste Jaroslav\u013e vr\u00e1tili ev. cirkvi chr\u00e1m\">\u010c\u00edta\u0165 viac<\/a><\/p>\n","protected":false},"author":2,"featured_media":0,"comment_status":"open","ping_status":"open","sticky":false,"template":"","format":"standard","meta":{"footnotes":""},"categories":[35],"tags":[],"class_list":["post-29355","post","type-post","status-publish","format-standard","hentry","category-rusko-a-ine"],"_links":{"self":[{"href":"https:\/\/www.e-anjelik.sk\/index.php\/wp-json\/wp\/v2\/posts\/29355","targetHints":{"allow":["GET"]}}],"collection":[{"href":"https:\/\/www.e-anjelik.sk\/index.php\/wp-json\/wp\/v2\/posts"}],"about":[{"href":"https:\/\/www.e-anjelik.sk\/index.php\/wp-json\/wp\/v2\/types\/post"}],"author":[{"embeddable":true,"href":"https:\/\/www.e-anjelik.sk\/index.php\/wp-json\/wp\/v2\/users\/2"}],"replies":[{"embeddable":true,"href":"https:\/\/www.e-anjelik.sk\/index.php\/wp-json\/wp\/v2\/comments?post=29355"}],"version-history":[{"count":0,"href":"https:\/\/www.e-anjelik.sk\/index.php\/wp-json\/wp\/v2\/posts\/29355\/revisions"}],"wp:attachment":[{"href":"https:\/\/www.e-anjelik.sk\/index.php\/wp-json\/wp\/v2\/media?parent=29355"}],"wp:term":[{"taxonomy":"category","embeddable":true,"href":"https:\/\/www.e-anjelik.sk\/index.php\/wp-json\/wp\/v2\/categories?post=29355"},{"taxonomy":"post_tag","embeddable":true,"href":"https:\/\/www.e-anjelik.sk\/index.php\/wp-json\/wp\/v2\/tags?post=29355"}],"curies":[{"name":"wp","href":"https:\/\/api.w.org\/{rel}","templated":true}]}}