{"id":29359,"date":"2015-11-06T02:01:00","date_gmt":"2015-11-06T00:01:00","guid":{"rendered":"http:\/\/www.evanjelik.sk\/?p=29359"},"modified":"2025-09-12T19:15:37","modified_gmt":"2025-09-12T17:15:37","slug":"vierou-do-nebeskej-vlasti","status":"publish","type":"post","link":"https:\/\/www.e-anjelik.sk\/index.php\/2015\/11\/06\/vierou-do-nebeskej-vlasti\/","title":{"rendered":"Vierou do nebeskej vlasti"},"content":{"rendered":"\n<p><b>\u017dd 11,13-16:<\/b> &#8211; <em>\u201cVo viere umierali v\u0161etci t\u00edto a nedosiahli, \u010do im bolo zas\u013e\u00faben\u00e9. Len z\u010faleka to videli, uv\u00edtali a vyzn\u00e1vali, \u017ee s\u00fa len cudzincami a p\u00fatnikmi na zemi. (14) Lebo t\u00ed, \u010do takto hovoria, nazna\u010duj\u00fa, \u017ee h\u013eadaj\u00fa vlas\u0165. (15) A keby boli mysleli na zem, z ktorej vy\u0161li, boli by mali \u010das vr\u00e1ti\u0165 sa. (16) Ale oni po lep\u0161ej vlasti t\u00fa\u017eia, to jest po nebeskej. Preto sa ani Boh nehanb\u00ed menova\u0165 s<\/em><em>a ich Bohom, ve\u010f im pripravil nebesk\u00e9 miesto\u201d. Amen<\/em><\/p>\n\n\n\n<p>Bohumil\u00ed kres\u0165ania, bratia a sestry v P\u00e1novi!<\/p>\n\n\n\n<p>S\u00fa slov\u00e1, ktor\u00e9 aj v na\u0161ej dobe, ktor\u00e1 je pozna\u010den\u00e1 infl\u00e1ciou slova, maj\u00fa svoju silu, v\u00e1hu a elektrizuj\u00faci n\u00e1boj. Tak\u00fdmi slovami s\u00fa slov\u00e1: matka a otec, rodi\u010dia a star\u00ed rodi\u010dia,&nbsp; man\u017eel a man\u017eelka, deti a rodina, domov a vlas\u0165.<\/p>\n\n\n\n<p>V tieto dni mysl\u00edme aj my najm\u00e4 na zosnul\u00fdch z kruhu svojich rod\u00edn. \u010casto sa ich odchodom stal n\u00e1\u0161 dom a domov pust\u00fd a pr\u00e1zdny. \u010casto sa st\u00e1va, \u017ee hodnotu svojich mil\u00fdch a drah\u00fdch si \u013eudia uvedomia a\u017e vtedy, ke\u010f ich niet. Ke\u010f u\u017e opustili svoje zemsk\u00e9 preb\u00fdvanie. Ke\u010f ich hodnotu u\u017e nikto nedok\u00e1\u017ee plne nahradi\u0165. Ako kres\u0165ania sa preto u\u010d\u00edme i povzbudzujeme v\u017edy k tomu, aby l\u00e1ska a vz\u00e1jomn\u00e1 slu\u017eba bola na\u0161ou snahou a t\u00fa\u017ebou sk\u00f4r ako skon\u010d\u00ed \u017eivot n\u00e1\u0161, alebo \u017eivot na\u0161ich bl\u00edzkych a drah\u00fdch.<\/p>\n\n\n\n<p>Dnes, spolu s mnoh\u00fdmi kres\u0165anmi v na\u0161ej vlasti, ale aj inde \u017eij\u00facimi, \u010fakujem P\u00e1nu Bohu za svojich najbli\u017e\u0161\u00edch, ktor\u00ed n\u00e1s predi\u0161li do ve\u010dnosti. \u010eakujeme za to, \u017ee n\u00e1m ich Boh dal a skrze nich n\u00e1s po\u017eehnal mnoh\u00fdm po\u017eehnan\u00edm. Mnoh\u00ed z t\u00fdch, na ktor\u00fdch mysl\u00edme, ale aj t\u00ed, na ktor\u00fdch sa mo\u017eno rozpom\u00edname&nbsp; len pri zvl\u00e1\u0161tnych v\u00fdro\u010diach ich \u017eivota, svojou slu\u017ebou l\u00e1sky boli pre n\u00e1s rukami Bo\u017e\u00edmi. Skrze nich n\u00e1s P\u00e1n Boh obdaril mnoh\u00fdmi dobrami. Skrze nich n\u00e1s chr\u00e1nil, pote\u0161oval, nap\u013a\u0148al rados\u0165ou a pokojom. Mnoh\u00ed z nich boli aj \u00fastami Bo\u017e\u00edmi, lebo skrze ich slov\u00e1 k n\u00e1m hovoril a prihov\u00e1ral sa n\u00e1m n\u00e1\u0161 nebesk\u00fd Otec, u\u010dil n\u00e1s, napom\u00ednal, ale aj posil\u0148oval vo viere, ktor\u00e1 nezahanbuje.<\/p>\n\n\n\n<p>Ako kres\u0165ania v\u0161ak mysl\u00edme dnes nielen na na\u0161ich drah\u00fdch. Mysl\u00edme aj na t\u00fa hodnotu, ktor\u00fa predstavuje slovo vlas\u0165. Aj toto slovo je elektrizuj\u00facim slovom. Odchod \u010dloveka z tejto \u010dasnoti znamen\u00e1 v\u017edy opustenie nielen rodinn\u00e9ho zv\u00e4zku a domova, ale aj opustenie pozemskej vlasti. V\u00e1\u017eime si aj t\u00fato hodnotu, najm\u00e4 ke\u010f vid\u00edme, ak\u00e9 mno\u017estvo \u013eud\u00ed dnes vlas\u0165 nem\u00e1, alebo ju z r\u00f4znych d\u00f4vodov str\u00e1ca.<\/p>\n\n\n\n<p>Nechcem hodnoti\u0165, \u010di sme my, dne\u0161n\u00e9 gener\u00e1cie Slov\u00e1kov a Sloveniek dobr\u00fdmi vlastencami. V\u017edy m\u00e1m v\u0161ak pred sebou pr\u00edklad n\u00e1\u0161ho ko\u0161ari\u0161sk\u00e9ho rod\u00e1ka Milana Rastislava \u0160tef\u00e1nika, ktor\u00fd svoje rodn\u00e9 hniezdo opustil, ale nikdy na\u0148 nezabudol. Ke\u010f pri\u0161la prav\u00e1 chv\u00ed\u013ea, vykonal \u00fa\u017easn\u00e9 dielo, z ktor\u00e9ho dodnes \u017eijeme a trv\u00e1me. Pred odletom z talianskeho letiska v Udine do Bratislavy, nap\u00edsal 4.5.1919 posledn\u00fd list svojej sn\u00fabenici Giuliane Benzoni, kde o na\u0161ej novozrodenej slobodnej vlasti uviedol:\u201d <i>\u2026Zbohom! Pred o\u010dami sa mi robia kruhy, moje srdce je znepokojen\u00e9, jednako mu odp\u00fa\u0161\u0165am tentoraz krehkos\u0165 celkom \u013eudsk\u00fa: nesmieme sa od Teba, Giuliana, vzdiali\u0165 a nevyh\u013eada\u0165 po rokoch moju rodinu, moju vlas\u0165? Uvid\u00edm znovu moju vlas\u0165. M\u00e1m vlas\u0165. Ak\u00e1 rados\u0165, ak\u00e1 tesknota. Lietadlo ma vol\u00e1. Zbohom, Giuliana .\u201d<\/i><\/p>\n\n\n\n<p>Ma\u0165 vlas\u0165, \u017ei\u0165 vo vlasti je iste aj v\u017edy ve\u013ek\u00e1 vec. Slovo vlas\u0165 sa v\u0161ak oz\u00fdva aj z dne\u0161n\u00e9ho pre\u010d\u00edtan\u00e9ho biblick\u00e9ho textu. Tu je v\u0161ak re\u010d o inej vlasti, ne\u017e na ak\u00fa mysl\u00edme v ka\u017edodennom \u017eivote. Biblick\u00fd svedok menuje slovom vlas\u0165 nov\u00fd a ve\u010dn\u00fd domov, nov\u00fd nebesk\u00fd pr\u00edbytok, nov\u00e9 spolo\u010denstvo na ktor\u00e9 nem\u00e1me nikdy zab\u00fada\u0165 a ktor\u00e9 je s\u00fa\u010dasne zdrojom pote\u0161enia a n\u00e1deje aj pri smrti a pri \u010dasn\u00fdch rozl\u00fa\u010dkach.<\/p>\n\n\n\n<p><i>\u201cVo viere umierali v\u0161etci t\u00edto\u201d<\/i>, hovor\u00ed apo\u0161tol a mysl\u00ed na cel\u00fd\u00a0<i>\u201coblak svedkov\u201d<\/i> a predkov vo viere, ktor\u00ed jeho s\u00fa\u010dasn\u00edkov, i n\u00e1s predi\u0161li do nebeskej domoviny. Z t\u00fdch svedkov spome\u0148me Abrah\u00e1ma a S\u00e1ru, praotcov Iz\u00e1ka a J\u00e1koba, Moj\u017ei\u0161a a \u00c1rona, hrdinu viery Gedeona a Samsona, k\u0148aza Samuela a kr\u00e1\u013ea D\u00e1vida, ale aj mal\u00fdch a ve\u013ek\u00fdch prorokov. O v\u0161etk\u00fdch t\u00fdchto plat\u00ed slovo apo\u0161tola: <i>\u201dVo viere umierali v\u0161etci t\u00edto a nedosiahli, \u010do im bolo zas\u013e\u00faben\u00e9. Len z\u010faleka to v\u00edtali a vyzn\u00e1vali, \u017ee s\u00fa len cudzincami a p\u00fatnikmi\u201d.<\/i><\/p>\n\n\n\n<p>Aj my, dne\u0161n\u00e9 gener\u00e1cie kres\u0165anov, akoko\u013evek si v\u00e1\u017eime a prij\u00edmame od P\u00e1na Boha ako dar man\u017eelstvo, rodinu, domov a vlas\u0165, sme tu na zemi len cudzincami a p\u00fatnikmi. Sme tu teda iba do\u010dasu, s bydliskom prechodn\u00fdm a nie trval\u00fdm.<\/p>\n\n\n\n<p>\u010co t\u00fdm apo\u0161tol mieni? Odpoved\u00e1 celkom jasne: <i>\u201dLebo t\u00ed, \u010do\u00a0 takto hovoria, nazna\u010duj\u00fa, \u017ee h\u013eadaj\u00fa vlas\u0165. A keby boli mysleli\u00a0 na zem z ktorej vy\u0161li, boli by mali \u010das vr\u00e1ti\u0165 sa. Ale oni po lep\u0161ej vlasti t\u00fa\u017eia, to jest po nebeskej\u201d.<\/i><\/p>\n\n\n\n<p><i>\u00a0<\/i>To je centrum dne\u0161nej zvesti. My kres\u0165ania, ako Bo\u017eie deti m\u00e1me\u00a0pova\u017eova\u0165 nielen t\u00fato zem za svoju vlas\u0165, ale v\u017edy pam\u00e4tajme na to, \u017ee m\u00e1me na\u0161\u00edm P\u00e1nom a Otcom pripraven\u00fa aj in\u00fa vlas\u0165 &#8211; a to nebesk\u00fa.\u00a0Ako dar od Boha Otca m\u00e1me nielen \u010dasn\u00e9 pr\u00edbytky a \u010dasn\u00e9 zv\u00e4zky prij\u00edma\u0165 s v\u010fakou, ale pripravova\u0165 sa aj do t\u00fdch pr\u00edbytkov nie rukou zhotoven\u00fdch, ale stvorite\u013esk\u00fdm slovom n\u00e1\u0161ho Otca nebesk\u00e9ho. Pre ne sme boli stvoren\u00ed a ur\u010den\u00ed.<\/p>\n\n\n\n<p>P\u00e1d \u013eud\u00ed do hriechu znamenal stratu ve\u010dn\u00e9ho spolo\u010denstva s P\u00e1nom Bohom. Pri\u0161iel v\u0161ak ale Kristus a Jeho dielo sa stalo novou ponukou a bezpe\u010dnou cestou do vlasti nebeskej. Od Neho smieme prija\u0165 a z\u00edska\u0165 dar \u017eivota ve\u010dn\u00e9ho. Apo\u0161tol hovor\u00ed: <i>\u201dPreto ani Boh nehanb\u00ed sa menova\u0165 ich Bohom, ve\u010f im pripravil nebesk\u00e9 miesto\u201d.\u00a0<\/i><\/p>\n\n\n\n<p>Tu mysl\u00ed na prv menovan\u00fd oblak svedkov viery. Boh je teda Bohom\u00a0Abrah\u00e1ma, Iz\u00e1ka i J\u00e1koba, Bohom Moj\u017ei\u0161a i D\u00e1vida a tak Bohom v\u0161etk\u00fdch, ktor\u00ed d\u00f4veruj\u00fa Jeho zas\u013e\u00fabeniam. Tie sa stali jasn\u00e9 a zrejm\u00e9 v Jeho slove a vo vykupite\u013eskom diele Je\u017ei\u0161a Krista.<\/p>\n\n\n\n<p>Bratia a sestry v P\u00e1novi Je\u017ei\u0161ovi Kristovi!<\/p>\n\n\n\n<p>Smr\u0165 \u010dloveka je odplatou za hriech. Smr\u0165 v\u0161ak neru\u0161\u00ed Bo\u017eie zas\u013e\u00fabenia. Nie je mocnej\u0161ia ako Bo\u017eie slovo, ako milos\u0165 a l\u00e1ska Bo\u017eia vyjaven\u00e1 v Kristu. Preto na\u0161e my\u0161lienky na n\u00e1vrat a n\u00e1dej na ve\u010dn\u00fd \u017eivot v\u017edy s\u00favisia s vierou, ktor\u00e1 pam\u00e4t\u00e1 na z\u00e1sluhy Kristove, na Jeho obe\u0165 za n\u00e1s a na\u0161e hriechy.<\/p>\n\n\n\n<p>Ale aj na o\u010dis\u0165uj\u00facu moc Kristovho tela a krvi. Tieto dary nebesk\u00e9ho a osl\u00e1ven\u00e9ho Je\u017ei\u0161a Krista prij\u00edmame a smieme prija\u0165 vo viere aj dnes v Jeho sv\u00e4tej Ve\u010deri, ktor\u00e1 bude dnes prisluhovan\u00e1. O\u010disten\u00ed sme nie na\u0161imi z\u00e1sluhami, ale z\u00e1sluhami Kristov\u00fdmi. Nie na\u0161\u00edm zados\u0165u\u010dinen\u00edm, ale Kristovou obe\u0165ou. Preto aj za tento dar milosti dnes \u010fakujeme. A siahnime po \u0148om pr\u00e1ve preto, aby sme mali n\u00e1dej na stretnutie s N\u00edm i s t\u00fdmi, ktor\u00ed pre tak\u00fa ist\u00fa vieru boli prijat\u00ed na milos\u0165 pred nami a s ktor\u00fdmi v sl\u00e1ve neba, po vzkriesen\u00ed tela, budeme m\u00f4c\u0165 preb\u00fdva\u0165.<\/p>\n\n\n\n<p>Toto je bezpe\u010dn\u00e1 a ist\u00e1 cesta, ktor\u00e1 hovor\u00ed o tom, \u017ee n\u00e1\u0161 \u017eivot m\u00e1 zmysel a m\u00e1 bud\u00facnos\u0165. Tak smieme u\u017e dnes \u017ei\u0165 v radostnej n\u00e1deji. \u010casn\u00fd \u017eivot, aj napriek tomu, \u017ee sme tu len cudzincami a p\u00fatnikmi nemus\u00edme vn\u00edma\u0165 ako trag\u00e9diu, ani ako katastrofu, ktor\u00e1 pr\u00edde na konci \u010dasnej p\u00fati, ale ako cestu s Kristom P\u00e1nom. On smrti od\u0148al moc a urobil z nej slu\u017eobnicu, ktorej na \u010das zveruje na\u0161e tel\u00e1, aby ich potom nanovo stvoril tak\u00e9, aby boli podobn\u00e9 Jeho osl\u00e1ven\u00e9mu telu.<\/p>\n\n\n\n<p>Bratia a sestry v P\u00e1novi!<\/p>\n\n\n\n<p>Na z\u00e1ver venujme kr\u00e1tku spomienku aj n\u00e1\u0161mu reforma\u010dn\u00e9mu otcovi Martinovi Lutherovi a jeho dielu. Nielen preto, \u017ee v\u010dera bolo 498 v\u00fdro\u010die za\u010diatku reform\u00e1cie, ale najm\u00e4 preto, \u017ee v\u010faka jeho jednozna\u010dn\u00e9mu pr\u00edklonu k P\u00edsmu sv\u00e4t\u00e9mu a k Bo\u017eiemu slovu v \u0148om obsiahnut\u00e9mu, svieti n\u00e1m dodnes svetlo evanjelia jasne. V\u010faka jeho vernosti Bo\u017eiemu evanjeliu, smieme aj my \u00eds\u0165 cestou sp\u00e1sy bez pochybnost\u00ed o na\u0161ej hodnote a hodnosti, alebo bez pochybnost\u00ed o dostato\u010dnom zados\u0165u\u010dinen\u00ed predpisom z\u00e1kona. Nie pre na\u0161e skutky a z\u00e1sluhy sme spasen\u00ed, t\u00fdm menej z\u00edskavan\u00edm odpustkov. Istota spasenia plynie jedine pre dokonan\u00e9 dielo milosti v P\u00e1novi Je\u017ei\u0161ovi Kristovi!<\/p>\n\n\n\n<p>Aj na na\u0161ich zosnul\u00fdch spom\u00edname s n\u00e1dejou preto, lebo boli v Je\u017ei\u0161ovom sv\u00e4tom Krste obmyt\u00ed od dedi\u010dn\u00e9ho hriechu, za Bo\u017eie deti a dedi\u010dov Bo\u017e\u00edch prijat\u00ed a vierou v Krista ospravedlnen\u00ed. Neh\u013eadajme ich v o\u010distci, ak boli o\u010disten\u00ed vierou v Je\u017ei\u0161a Krista a Jeho sv\u00e4tou krvou. <i>\u201cBoh sa nehanb\u00ed menova\u0165 sa ich Bohom, ve\u010f im pripravil nebesk\u00e9 miesto\u201d<\/i>. To plat\u00ed o v\u0161etk\u00fdch veriacich, ktor\u00ed tvorili a tvoria cel\u00fd oblak svedkov SZ, ale aj o Petrovi a v\u0161etk\u00fdch prav\u00fdm kaj\u00facnikoch v cirkvi. Zara\u010fme sa k nim aj my a vzd\u00e1vajme v\u010faku Otcovi, skrze Krista, n\u00e1\u0161ho P\u00e1na. Amen<\/p>\n\n\n\n<p>22. nede\u013ea po Sv\u00e4tej Trojici &#8211; Spomienka na zosnul\u00fdch 2015 &#8211;\u00a0Kostoln\u00e9 &#8211; \u013dubom\u00edr Batka st.<\/p>\n\n\n\n<p><\/p>\n","protected":false},"excerpt":{"rendered":"<p>\u017dd 11,13-16: &#8211; \u201cVo viere umierali v\u0161etci t\u00edto a nedosiahli, \u010do im bolo zas\u013e\u00faben\u00e9. Len z\u010faleka to videli, uv\u00edtali a vyzn\u00e1vali, \u017ee s\u00fa len cudzincami a p\u00fatnikmi na zemi. (14) Lebo t\u00ed, \u010do takto hovoria, nazna\u010duj\u00fa, \u017ee h\u013eadaj\u00fa vlas\u0165. (15) A keby boli mysleli na zem, z ktorej vy\u0161li, boli by mali \u010das vr\u00e1ti\u0165 sa. &#8230; <a title=\"Vierou do nebeskej vlasti\" class=\"read-more\" href=\"https:\/\/www.e-anjelik.sk\/index.php\/2015\/11\/06\/vierou-do-nebeskej-vlasti\/\" aria-label=\"Pre\u010d\u00edtajte si viac o Vierou do nebeskej vlasti\">\u010c\u00edta\u0165 viac<\/a><\/p>\n","protected":false},"author":4,"featured_media":0,"comment_status":"open","ping_status":"open","sticky":false,"template":"","format":"standard","meta":{"footnotes":""},"categories":[121],"tags":[],"class_list":["post-29359","post","type-post","status-publish","format-standard","hentry","category-kazne"],"_links":{"self":[{"href":"https:\/\/www.e-anjelik.sk\/index.php\/wp-json\/wp\/v2\/posts\/29359","targetHints":{"allow":["GET"]}}],"collection":[{"href":"https:\/\/www.e-anjelik.sk\/index.php\/wp-json\/wp\/v2\/posts"}],"about":[{"href":"https:\/\/www.e-anjelik.sk\/index.php\/wp-json\/wp\/v2\/types\/post"}],"author":[{"embeddable":true,"href":"https:\/\/www.e-anjelik.sk\/index.php\/wp-json\/wp\/v2\/users\/4"}],"replies":[{"embeddable":true,"href":"https:\/\/www.e-anjelik.sk\/index.php\/wp-json\/wp\/v2\/comments?post=29359"}],"version-history":[{"count":2,"href":"https:\/\/www.e-anjelik.sk\/index.php\/wp-json\/wp\/v2\/posts\/29359\/revisions"}],"predecessor-version":[{"id":38456,"href":"https:\/\/www.e-anjelik.sk\/index.php\/wp-json\/wp\/v2\/posts\/29359\/revisions\/38456"}],"wp:attachment":[{"href":"https:\/\/www.e-anjelik.sk\/index.php\/wp-json\/wp\/v2\/media?parent=29359"}],"wp:term":[{"taxonomy":"category","embeddable":true,"href":"https:\/\/www.e-anjelik.sk\/index.php\/wp-json\/wp\/v2\/categories?post=29359"},{"taxonomy":"post_tag","embeddable":true,"href":"https:\/\/www.e-anjelik.sk\/index.php\/wp-json\/wp\/v2\/tags?post=29359"}],"curies":[{"name":"wp","href":"https:\/\/api.w.org\/{rel}","templated":true}]}}