{"id":29362,"date":"2015-11-09T05:01:12","date_gmt":"2015-11-09T03:01:12","guid":{"rendered":"http:\/\/www.evanjelik.sk\/?p=29362"},"modified":"2015-11-09T05:01:12","modified_gmt":"2015-11-09T03:01:12","slug":"zasadala-synoda-reformovanej-krestanskej-cirkvi-na-slovensku","status":"publish","type":"post","link":"https:\/\/www.e-anjelik.sk\/index.php\/2015\/11\/09\/zasadala-synoda-reformovanej-krestanskej-cirkvi-na-slovensku\/","title":{"rendered":"Zasadala synoda Reformovanej kres\u0165anskej cirkvi na Slovensku"},"content":{"rendered":"<p>IX. cyklus 2. \u010dasti synody RKC na Slovensku sa za\u010dal 5. novembra 2015 v reformovanom chr\u00e1me v Rim. Sobote \u00favodn\u00fdmi slu\u017ebami Bo\u017e\u00edmi. V ich r\u00e1mci sa konala ordin\u00e1cia 14 novok\u0148azov, 8 mu\u017eov a 4 \u017eien. T\u00edto \u00faspe\u0161ne zlo\u017eili 2. k\u0148azsk\u00fa sk\u00fa\u0161ku. Slovo Bo\u017eie zvestoval biskup cirkvi L. Fazekas na z\u00e1klade slov proroka Iz 6,1-7. Ostatn\u00e1 ordin\u00e1cia bola pred 2 rokmi. Pri nej vyslali do slu\u017eby 9 nov\u00fdch pracovn\u00edkov.<\/p>\n<p>V podve\u010der sa synod\u00e1li presunuli do Tepl\u00e9ho Vrchu, kde bolo pracovn\u00e9 zasadnutie synody s pokra\u010dovan\u00edm aj nasleduj\u00faceho d\u0148a. Na programe bolo 15 rokovac\u00edch bodov. Ako prv\u00fd referoval biskup Fazekas o \u017eivote cirkvi na z\u00e1klade Jn 16, 33. Vo svete prebieha boj. V mnoh\u00fdch \u0161t\u00e1toch, kde cirkvi stoja pevne na z\u00e1kladoch P\u00edsma a trad\u00edcie, s\u00fa nap\u00e1dan\u00e9 a prenasledovan\u00e9 a liber\u00e1lne spolo\u010denstvo sa ne\u0161t\u00edti proti nim spriahnu\u0165 aj hospod\u00e1rske a politick\u00e9 sily. V in\u00fdch krajin\u00e1ch, kde cirkvi s\u00fa ticho a prisp\u00f4sobuj\u00fa sa tomuto svetu, maj\u00fa zdanliv\u00fd pokoj. Treba sa dr\u017ea\u0165 slov P\u00e1na Je\u017ei\u0161a. \u00a0Zo \u0161tatistiky: mnoh\u00e9 matersk\u00e9 cirkevn\u00e9 zbory pre n\u00edzky po\u010det veriacich nevedeli si zachova\u0165 k\u0148azsk\u00fa stanicu a boli zaraden\u00e9 medzi dc\u00e9rocirkvi. Celkov\u00fd po\u010det \u010dlenov cirkvi v roku 2014 klesol, podobne klesol aj po\u010det krstov, naopak, po\u010det pohrebov sa zdvojn\u00e1sobil. Synod\u00e1li po pripomienkach schv\u00e1lili aj \u010fal\u0161ie prednesen\u00e9 spr\u00e1vy.<\/p>\n<p>V\u00a0s\u00fa\u010dasnosti m\u00e1 Reformovan\u00e1 kres\u0165ansk\u00e1 cirkev na Slovensku, ktor\u00e1 predstavuje 1 di\u0161trikt s\u00a09 senior\u00e1tmi (z toho s\u00fa 2 slovensk\u00e9), 204 matkocirkevn\u00fdch, 103 dc\u00e9rocirkevn\u00fdch zborov\u00a0 a\u00a059 diaspor. Pod\u013ea \u00fadajov zo s\u010d\u00edtania obyvate\u013eov dosahuje po\u010det reformovan\u00fdch na Slovensku takmer 100\u00a0000. O\u00a0pastor\u00e1ciu veriacich sa star\u00e1 235 duchovn\u00fdch, z\u00a0ktor\u00fdch je takmer 200 ma\u010farsk\u00fdch. Podarilo sa doplni\u0165 ve\u013ek\u00fd nedostatok duchovn\u00fdch spred zmeny re\u017eimu \u2013 dnes u\u017e m\u00e1 ka\u017ed\u00fd \u017eivotaschopn\u00fd cirkevn\u00fd zbor svojho duchovn\u00e9ho, navy\u0161e prebieha aj vytv\u00e1ranie a\u00a0obsadzovanie 2. duchovensk\u00fdch stan\u00edc.<\/p>\n<p>V\u00a0uplynul\u00fdch 2 desa\u0165ro\u010diach sa rozv\u00edjal \u017eivot organiz\u00e1ci\u00ed. Bol zalo\u017een\u00fd Zv\u00e4z ma\u010farsk\u00fdch reformovan\u00fdch duchovn\u00fdch, \u017eij\u00facich na Slovensku, Zv\u00e4z mlad\u00fdch reformovan\u00fdch (Firesz), Zv\u00e4z reformovan\u00fdch kres\u0165ansk\u00fdch \u017eien na Slovensku, Reformovan\u00e1 z\u00e1chrann\u00e1 misia, Oddelenie cirkevnej hudby Reformovanej kres\u0165anskej cirkvi na Slovensku a\u00a0\u00dastredie diakonie. V\u00a0roku 2002 za\u010dali svoju \u010dinnos\u0165 Vedeck\u00e9 zbierky v\u00a0Rimavskej Sobote. V\u00a0s\u00fa\u010dasnosti za\u010d\u00edna svoju organiza\u010dn\u00fa \u010dinnos\u0165 Zv\u00e4z presbyterov. Mo\u017enosti slu\u017eby sa roz\u0161\u00edrili vznikom viacer\u00fdch ml\u00e1de\u017en\u00edckych a\u00a0vzdel\u00e1vac\u00edch centier.<\/p>\n<p>V\u00a0 cirkvi p\u00f4sob\u00ed 5 z\u00e1kladn\u00fdch \u0161k\u00f4l, 2 gymn\u00e1zi\u00e1 a\u00a01 matersk\u00e1 \u0161kola. V\u00a0roku 1990 sa za\u010dalo vzdel\u00e1vanie katech\u00e9tov, od roku 1994 prebieha aj vzdel\u00e1vanie duchovn\u00fdch (najprv na Teologickom in\u0161tit\u00fate J\u00e1na Calvina, potom na Univerzite J\u00e1nosa Selyeho). Od roku 1998 prebieha intenz\u00edvnej\u0161ie vzdel\u00e1vanie kantorov \u2013 prv\u00e9 kantorsk\u00e9 vysved\u010denia odovzdali v\u00a0roku 2002.<\/p>\n<p>Vidite\u013en\u00fa oblas\u0165 cirkevn\u00fdch aktiv\u00edt predstavuj\u00fa rekon\u0161trukcie budov a\u00a0nov\u00e9 stavby, ktor\u00e9 sa mohli uskuto\u010dni\u0165 s\u010dasti z\u00a0vlastn\u00fdch zdrojov a\u00a0s\u010dasti za podpory bratsk\u00fdch organiz\u00e1ci\u00ed. Po\u010det rekon\u0161truovan\u00fdch kostolov, f\u00e1r a\u00a0niekdaj\u0161\u00edch \u0161k\u00f4l presahuje 180, pri\u010dom bolo postaven\u00fdch 10 nov\u00fdch kostolov a\u00a0aj nieko\u013eko farsk\u00fdch \u00faradov.<\/p>\n<p>(<a href=\"http:\/\/www.reformata.sk\">www.reformata.sk<\/a>)<\/p>\n","protected":false},"excerpt":{"rendered":"<p>IX. cyklus 2. \u010dasti synody RKC na Slovensku sa za\u010dal 5. novembra 2015 v reformovanom chr\u00e1me v Rim. Sobote \u00favodn\u00fdmi slu\u017ebami Bo\u017e\u00edmi. V ich r\u00e1mci sa konala ordin\u00e1cia 14 novok\u0148azov, 8 mu\u017eov a 4 \u017eien. T\u00edto \u00faspe\u0161ne zlo\u017eili 2. k\u0148azsk\u00fa sk\u00fa\u0161ku. Slovo Bo\u017eie zvestoval biskup cirkvi L. Fazekas na z\u00e1klade slov proroka Iz 6,1-7. Ostatn\u00e1 &#8230; <a title=\"Zasadala synoda Reformovanej kres\u0165anskej cirkvi na Slovensku\" class=\"read-more\" href=\"https:\/\/www.e-anjelik.sk\/index.php\/2015\/11\/09\/zasadala-synoda-reformovanej-krestanskej-cirkvi-na-slovensku\/\" aria-label=\"Pre\u010d\u00edtajte si viac o Zasadala synoda Reformovanej kres\u0165anskej cirkvi na Slovensku\">\u010c\u00edta\u0165 viac<\/a><\/p>\n","protected":false},"author":2,"featured_media":0,"comment_status":"open","ping_status":"open","sticky":false,"template":"","format":"standard","meta":{"footnotes":""},"categories":[2],"tags":[],"class_list":["post-29362","post","type-post","status-publish","format-standard","hentry","category-ekumena"],"_links":{"self":[{"href":"https:\/\/www.e-anjelik.sk\/index.php\/wp-json\/wp\/v2\/posts\/29362","targetHints":{"allow":["GET"]}}],"collection":[{"href":"https:\/\/www.e-anjelik.sk\/index.php\/wp-json\/wp\/v2\/posts"}],"about":[{"href":"https:\/\/www.e-anjelik.sk\/index.php\/wp-json\/wp\/v2\/types\/post"}],"author":[{"embeddable":true,"href":"https:\/\/www.e-anjelik.sk\/index.php\/wp-json\/wp\/v2\/users\/2"}],"replies":[{"embeddable":true,"href":"https:\/\/www.e-anjelik.sk\/index.php\/wp-json\/wp\/v2\/comments?post=29362"}],"version-history":[{"count":0,"href":"https:\/\/www.e-anjelik.sk\/index.php\/wp-json\/wp\/v2\/posts\/29362\/revisions"}],"wp:attachment":[{"href":"https:\/\/www.e-anjelik.sk\/index.php\/wp-json\/wp\/v2\/media?parent=29362"}],"wp:term":[{"taxonomy":"category","embeddable":true,"href":"https:\/\/www.e-anjelik.sk\/index.php\/wp-json\/wp\/v2\/categories?post=29362"},{"taxonomy":"post_tag","embeddable":true,"href":"https:\/\/www.e-anjelik.sk\/index.php\/wp-json\/wp\/v2\/tags?post=29362"}],"curies":[{"name":"wp","href":"https:\/\/api.w.org\/{rel}","templated":true}]}}