{"id":29385,"date":"2015-11-12T11:09:55","date_gmt":"2015-11-12T09:09:55","guid":{"rendered":"http:\/\/www.evanjelik.sk\/?p=29385"},"modified":"2015-11-12T11:09:55","modified_gmt":"2015-11-12T09:09:55","slug":"skoncila-sa-12-synoda-ekd","status":"publish","type":"post","link":"https:\/\/www.e-anjelik.sk\/index.php\/2015\/11\/12\/skoncila-sa-12-synoda-ekd\/","title":{"rendered":"Skon\u010dila sa 12. synoda EKD"},"content":{"rendered":"<p>Ako sa o\u010dak\u00e1valo, za predsedu Rady EKD bol op\u00e4tovne zvolen\u00fd krajinsk\u00fd biskup Evanjelicko-luter\u00e1nskej cirkvi v Bavorsku, 55-ro\u010dn\u00fd \u00a0Heinrich Bedford-Strohm. Z\u00edskal a\u017e 124 zo 125 odovzdan\u00fdch hlasov. Po vyhl\u00e1sen\u00ed v\u00fdsledku volieb silne dojat\u00fd povedal: &#8220; Je to siln\u00fd vietor do m\u00f4jho chrbta.&#8220; Za jeho z\u00e1stupky\u0148u zvolili 52-ro\u010dn\u00fa pr\u00e9zesku Evanjelickej cirkvi vo Westfalsku Annette Kurschus.<\/p>\n<p>V stredu 11. novembra 2015 sa na z\u00e1ver synody konali slu\u017eby Bo\u017eie, v r\u00e1mci ktor\u00fdch uviedli do \u00faradu 8 novozvolen\u00fdch \u010dlenov Rady a rozl\u00fa\u010dili sa s kon\u010diacimi \u010dlenmi v Rade. Pred nov\u00fdmi pracovn\u00edkmi EKD stoja \u0165a\u017ek\u00e9 \u00falohy. EKD reprezentuje 22,5 mili\u00f3na nemeck\u00fdch evanjelikov. Ich po\u010det ka\u017edoro\u010dne kles\u00e1, a t\u00fdm klesaj\u00fa aj finan\u010dn\u00e9 pr\u00edjmy z cirkevnej dane. S\u00fa\u010das\u0165ou \u00faloh bud\u00fa aktivity k 500. v\u00fdro\u010diu reform\u00e1cie. Bud\u00face zasadnutie synody EKD bude v novembri 2016 v Magdeburgu. Jeho t\u00e9mou bude solidarita v Eur\u00f3pe.<\/p>\n<p>(www.ekd.de)<\/p>\n","protected":false},"excerpt":{"rendered":"<p>Ako sa o\u010dak\u00e1valo, za predsedu Rady EKD bol op\u00e4tovne zvolen\u00fd krajinsk\u00fd biskup Evanjelicko-luter\u00e1nskej cirkvi v Bavorsku, 55-ro\u010dn\u00fd \u00a0Heinrich Bedford-Strohm. Z\u00edskal a\u017e 124 zo 125 odovzdan\u00fdch hlasov. Po vyhl\u00e1sen\u00ed v\u00fdsledku volieb silne dojat\u00fd povedal: &#8220; Je to siln\u00fd vietor do m\u00f4jho chrbta.&#8220; Za jeho z\u00e1stupky\u0148u zvolili 52-ro\u010dn\u00fa pr\u00e9zesku Evanjelickej cirkvi vo Westfalsku Annette Kurschus. V stredu &#8230; <a title=\"Skon\u010dila sa 12. synoda EKD\" class=\"read-more\" href=\"https:\/\/www.e-anjelik.sk\/index.php\/2015\/11\/12\/skoncila-sa-12-synoda-ekd\/\" aria-label=\"Pre\u010d\u00edtajte si viac o Skon\u010dila sa 12. synoda EKD\">\u010c\u00edta\u0165 viac<\/a><\/p>\n","protected":false},"author":2,"featured_media":0,"comment_status":"open","ping_status":"open","sticky":false,"template":"","format":"standard","meta":{"footnotes":""},"categories":[2,9],"tags":[],"class_list":["post-29385","post","type-post","status-publish","format-standard","hentry","category-ekumena","category-europa"],"_links":{"self":[{"href":"https:\/\/www.e-anjelik.sk\/index.php\/wp-json\/wp\/v2\/posts\/29385","targetHints":{"allow":["GET"]}}],"collection":[{"href":"https:\/\/www.e-anjelik.sk\/index.php\/wp-json\/wp\/v2\/posts"}],"about":[{"href":"https:\/\/www.e-anjelik.sk\/index.php\/wp-json\/wp\/v2\/types\/post"}],"author":[{"embeddable":true,"href":"https:\/\/www.e-anjelik.sk\/index.php\/wp-json\/wp\/v2\/users\/2"}],"replies":[{"embeddable":true,"href":"https:\/\/www.e-anjelik.sk\/index.php\/wp-json\/wp\/v2\/comments?post=29385"}],"version-history":[{"count":0,"href":"https:\/\/www.e-anjelik.sk\/index.php\/wp-json\/wp\/v2\/posts\/29385\/revisions"}],"wp:attachment":[{"href":"https:\/\/www.e-anjelik.sk\/index.php\/wp-json\/wp\/v2\/media?parent=29385"}],"wp:term":[{"taxonomy":"category","embeddable":true,"href":"https:\/\/www.e-anjelik.sk\/index.php\/wp-json\/wp\/v2\/categories?post=29385"},{"taxonomy":"post_tag","embeddable":true,"href":"https:\/\/www.e-anjelik.sk\/index.php\/wp-json\/wp\/v2\/tags?post=29385"}],"curies":[{"name":"wp","href":"https:\/\/api.w.org\/{rel}","templated":true}]}}