{"id":29402,"date":"2015-11-13T05:57:19","date_gmt":"2015-11-13T03:57:19","guid":{"rendered":"http:\/\/www.evanjelik.sk\/?p=29402"},"modified":"2015-11-13T05:57:19","modified_gmt":"2015-11-13T03:57:19","slug":"zo-zaverov-synody-ekd-v-bremach","status":"publish","type":"post","link":"https:\/\/www.e-anjelik.sk\/index.php\/2015\/11\/13\/zo-zaverov-synody-ekd-v-bremach\/","title":{"rendered":"Zo z\u00e1verov synody EKD v Br\u00e9mach"},"content":{"rendered":"<p>Okrem volieb synod\u00e1li\u00a0 mali na programe aj in\u00e9 t\u00e9my. Uv\u00e1dzame podstatn\u00e9 z\u00e1very v skratke:<\/p>\n<p><strong>Ute\u010denci.<\/strong> Synoda podporuje kurz spolkovej kancel\u00e1rky A. Merkelovej v ute\u010deneckej ot\u00e1zke. Cirkevn\u00fd parlament \u010fakuje \u0161\u00e9fke vl\u00e1dy, \u017ee neodmieta prijatie v Nemecku t\u00fdch, \u010do h\u013eadaj\u00fa ochranu. Pom\u00e1ha\u0165 ute\u010dencom a cudzincom je neoddelite\u013en\u00e1 s\u00fa\u010das\u0165 kres\u0165anskej existencie. Je to v\u00fdzva pre \u0161t\u00e1ty E\u00da, aby otvorili hranice ute\u010dencom, aby zoh\u013ead\u0148ovali normy azylu v EU a aby sa podie\u013eali na rozde\u013eovn\u00ed ute\u010dencov h\u013eadiac na ich potreby. Synoda vyjadruje staros\u0165 o \u017eeny a deti v ubytovniach. Musia by\u0165 chr\u00e1nen\u00e9 pred \u00fatokmi. \u017deny a deti maj\u00fa by\u0165 ubytovan\u00e9 oddelene od mu\u017eov. Synoda vyz\u00fdva cirkev k podpore a anga\u017eovaniu sa vo veci integr\u00e1cie v nemeckej spolo\u010dnosti. Hlavne ide o za\u0161ko\u013eovanie det\u00ed a ml\u00e1de\u017ee.Synoda vyz\u00fdva vl\u00e1du zv\u00fd\u0161i\u0165 rozpo\u010det v oblasti boja proti pravicov\u00e9mu extr\u00e9mizmu, n\u00e1siliu a nepriate\u013estvu \u013eud\u00ed.<\/p>\n<p><strong>Klimatick\u00e1 ochrana<\/strong>: Spolkov\u00e1 vl\u00e1da m\u00e1 konkr\u00e9tnymi z\u00e1konmi zabezpe\u010di\u0165 ochranu ovzdu\u0161ia, elimin\u00e1ciu \u0161kodliv\u00edn z priemyselu a vypn\u00fa\u0165 uholn\u00e9 elektr\u00e1rne do roku 2040.<\/p>\n<p><strong>Jubileum reform\u00e1cie<\/strong>: Treba ho osl\u00e1vi\u0165 s ostatn\u00fdmi kres\u0165ansk\u00fdmi cirkvami ako oslavu Krista.<\/p>\n<p><strong>Luther a \u017eidia: <\/strong>Synoda sa di\u0161tancuje od v\u00fdrokov M. Luthera a ostatn\u00fdch reform\u00e1torov v ot\u00e1zkach \u017eidov. S\u00fa \u0161kodliv\u00e9 a neprijate\u013en\u00e9. Treba tie\u017e objasni\u0165 a ozrejmi\u0165 kres\u0165ansk\u00fa misiu medzi \u017eidmi.<\/p>\n<p><strong>Pr\u00e1vne postavenie EKD<\/strong>: Po 70 rokoch od zalo\u017eenia sa aj EKD a jej stanovy upravuj\u00fa. EKD sa ch\u00e1pe ako cirkev. &#8220; Je to spolo\u010denstvo jej \u010dlensk\u00fdch cirkv\u00ed&#8220;. EKD m\u00e1 v s\u00fa\u010dasnosti 20 \u010dlensk\u00fdch cirkv\u00ed.<\/p>\n<p><strong>Rozpo\u010det<\/strong>: Synod\u00e1li schv\u00e1lili na rok 2016 rozpo\u010det pre EKD vo v\u00fd\u0161ke 198,5 mil. eur, \u010do je nezmenen\u00e1 v\u00fd\u0161ka oproti be\u017en\u00e9mu roku.<\/p>\n<p><strong>T\u00e9ma pre rok 2016: <\/strong>V novembri 2016 v Magdeburgu sa synoda EKD\u00a0 bude zaobera\u0165 t\u00e9mou &#8220; Za Eur\u00f3pu v solidarite &#8211; evanjelick\u00e1 perspekt\u00edva na pr\u00edspevok n\u00e1bo\u017eenstiev.&#8220;<\/p>\n<p>(www.ekd.de)<\/p>\n","protected":false},"excerpt":{"rendered":"<p>Okrem volieb synod\u00e1li\u00a0 mali na programe aj in\u00e9 t\u00e9my. Uv\u00e1dzame podstatn\u00e9 z\u00e1very v skratke: Ute\u010denci. Synoda podporuje kurz spolkovej kancel\u00e1rky A. Merkelovej v ute\u010deneckej ot\u00e1zke. Cirkevn\u00fd parlament \u010fakuje \u0161\u00e9fke vl\u00e1dy, \u017ee neodmieta prijatie v Nemecku t\u00fdch, \u010do h\u013eadaj\u00fa ochranu. Pom\u00e1ha\u0165 ute\u010dencom a cudzincom je neoddelite\u013en\u00e1 s\u00fa\u010das\u0165 kres\u0165anskej existencie. Je to v\u00fdzva pre \u0161t\u00e1ty E\u00da, aby &#8230; <a title=\"Zo z\u00e1verov synody EKD v Br\u00e9mach\" class=\"read-more\" href=\"https:\/\/www.e-anjelik.sk\/index.php\/2015\/11\/13\/zo-zaverov-synody-ekd-v-bremach\/\" aria-label=\"Pre\u010d\u00edtajte si viac o Zo z\u00e1verov synody EKD v Br\u00e9mach\">\u010c\u00edta\u0165 viac<\/a><\/p>\n","protected":false},"author":2,"featured_media":0,"comment_status":"open","ping_status":"open","sticky":false,"template":"","format":"standard","meta":{"footnotes":""},"categories":[2,9],"tags":[],"class_list":["post-29402","post","type-post","status-publish","format-standard","hentry","category-ekumena","category-europa"],"_links":{"self":[{"href":"https:\/\/www.e-anjelik.sk\/index.php\/wp-json\/wp\/v2\/posts\/29402","targetHints":{"allow":["GET"]}}],"collection":[{"href":"https:\/\/www.e-anjelik.sk\/index.php\/wp-json\/wp\/v2\/posts"}],"about":[{"href":"https:\/\/www.e-anjelik.sk\/index.php\/wp-json\/wp\/v2\/types\/post"}],"author":[{"embeddable":true,"href":"https:\/\/www.e-anjelik.sk\/index.php\/wp-json\/wp\/v2\/users\/2"}],"replies":[{"embeddable":true,"href":"https:\/\/www.e-anjelik.sk\/index.php\/wp-json\/wp\/v2\/comments?post=29402"}],"version-history":[{"count":0,"href":"https:\/\/www.e-anjelik.sk\/index.php\/wp-json\/wp\/v2\/posts\/29402\/revisions"}],"wp:attachment":[{"href":"https:\/\/www.e-anjelik.sk\/index.php\/wp-json\/wp\/v2\/media?parent=29402"}],"wp:term":[{"taxonomy":"category","embeddable":true,"href":"https:\/\/www.e-anjelik.sk\/index.php\/wp-json\/wp\/v2\/categories?post=29402"},{"taxonomy":"post_tag","embeddable":true,"href":"https:\/\/www.e-anjelik.sk\/index.php\/wp-json\/wp\/v2\/tags?post=29402"}],"curies":[{"name":"wp","href":"https:\/\/api.w.org\/{rel}","templated":true}]}}