{"id":29414,"date":"2015-11-17T11:09:13","date_gmt":"2015-11-17T09:09:13","guid":{"rendered":"http:\/\/www.evanjelik.sk\/?p=29414"},"modified":"2015-11-17T11:09:13","modified_gmt":"2015-11-17T09:09:13","slug":"papez-frantisek-v-evanjelickom-kostole-v-rime","status":"publish","type":"post","link":"https:\/\/www.e-anjelik.sk\/index.php\/2015\/11\/17\/papez-frantisek-v-evanjelickom-kostole-v-rime\/","title":{"rendered":"P\u00e1pe\u017e Franti\u0161ek v evanjelickom kostole v R\u00edme"},"content":{"rendered":"<p>V nede\u013eu 15. novembra 2015 nav\u0161t\u00edvil p\u00e1pe\u017e Franti\u0161ek so svojim sprievodom evanjelick\u00fd chr\u00e1m Krista P\u00e1na v R\u00edme. Na n\u00e1v\u0161tevu ho pozval tamoj\u0161\u00ed zborov\u00fd far\u00e1r Jens-Martin\u00a0 Kruse. Cirkevn\u00fd zbor m\u00e1 okolo 500 \u010dlenov. Na za\u010diatku p\u00e1pe\u017e odpovedal na ot\u00e1zky troch \u010dlenov zboru. 9-ro\u010dn\u00fd chlapec, in\u00e1\u010d syn pastora, sa p\u00e1pe\u017ea op\u00fdtal, \u010do ho najviac bav\u00ed robi\u0165. P\u00e1pe\u017e odpovedal, \u017ee je to pr\u00e1ca far\u00e1ra, pr\u00e1ca s de\u0165mi, chor\u00fdmi a star\u00fdmi. Cirkevn\u00ed\u010dka vydat\u00e1 za katol\u00edka, sa ho p\u00fdtala na mo\u017enos\u0165 spolo\u010dn\u00e9ho prij\u00edmania Ve\u010dere P\u00e1novej. P\u00e1pe\u017e odpovedal, aby sa v modlitb\u00e1ch zhov\u00e1rali s P\u00e1nom Bohom, krst sv. je ten ist\u00fd, aby kr\u00e1\u010dali \u010falej . On v ot\u00e1zke eucharistie pre obe konfesie nie je kompetentn\u00fd ni\u010d urobi\u0165. Tretia pani &#8211; pokladn\u00ed\u010dka zboru sa ho p\u00fdtala na ot\u00e1zku migrantov. Biskup R\u00edma jej odpovedal, \u017ee treba b\u00fara\u0165 m\u00fary medzi \u013eu\u010fmi a sl\u00fa\u017ei\u0165 n\u00fadznym. Pripraven\u00fd text pr\u00edhovoru odlo\u017eil a hovoril vo\u013ene o poslednom s\u00fade. P\u00e1n sa n\u00e1s nebude\u00a0 p\u00fdta\u0165 \u010di sme chodili do kostola a na katech\u00e9zu, ale ako sme sl\u00fa\u017eili biednym. Rozdelenie cirkvi je \u0161kand\u00e1l. Treba zahoji\u0165 rany rozdelenia, vz\u00e1jomne vyzna\u0165 viny za prenasledovania a boje a kr\u00e1\u010da\u0165 k jednote cirkvi v r\u00f4znosti. Na z\u00e1ver zbor daroval p\u00e1pe\u017eovi adventn\u00fd veniec a p\u00e1pe\u017e cirkevn\u00e9mu zboru kalich k Ve\u010deri P\u00e1novej. Tento kostol u\u017e predt\u00fdm nav\u0161t\u00edvili aj jeho predchodci &#8211; J\u00e1n Pavol II. a Benedikt XVI.<\/p>\n<p>(www.luteranie.pl)<\/p>\n","protected":false},"excerpt":{"rendered":"<p>V nede\u013eu 15. novembra 2015 nav\u0161t\u00edvil p\u00e1pe\u017e Franti\u0161ek so svojim sprievodom evanjelick\u00fd chr\u00e1m Krista P\u00e1na v R\u00edme. Na n\u00e1v\u0161tevu ho pozval tamoj\u0161\u00ed zborov\u00fd far\u00e1r Jens-Martin\u00a0 Kruse. Cirkevn\u00fd zbor m\u00e1 okolo 500 \u010dlenov. Na za\u010diatku p\u00e1pe\u017e odpovedal na ot\u00e1zky troch \u010dlenov zboru. 9-ro\u010dn\u00fd chlapec, in\u00e1\u010d syn pastora, sa p\u00e1pe\u017ea op\u00fdtal, \u010do ho najviac bav\u00ed robi\u0165. P\u00e1pe\u017e &#8230; <a title=\"P\u00e1pe\u017e Franti\u0161ek v evanjelickom kostole v R\u00edme\" class=\"read-more\" href=\"https:\/\/www.e-anjelik.sk\/index.php\/2015\/11\/17\/papez-frantisek-v-evanjelickom-kostole-v-rime\/\" aria-label=\"Pre\u010d\u00edtajte si viac o P\u00e1pe\u017e Franti\u0161ek v evanjelickom kostole v R\u00edme\">\u010c\u00edta\u0165 viac<\/a><\/p>\n","protected":false},"author":2,"featured_media":0,"comment_status":"open","ping_status":"open","sticky":false,"template":"","format":"standard","meta":{"footnotes":""},"categories":[2,9],"tags":[],"class_list":["post-29414","post","type-post","status-publish","format-standard","hentry","category-ekumena","category-europa"],"_links":{"self":[{"href":"https:\/\/www.e-anjelik.sk\/index.php\/wp-json\/wp\/v2\/posts\/29414","targetHints":{"allow":["GET"]}}],"collection":[{"href":"https:\/\/www.e-anjelik.sk\/index.php\/wp-json\/wp\/v2\/posts"}],"about":[{"href":"https:\/\/www.e-anjelik.sk\/index.php\/wp-json\/wp\/v2\/types\/post"}],"author":[{"embeddable":true,"href":"https:\/\/www.e-anjelik.sk\/index.php\/wp-json\/wp\/v2\/users\/2"}],"replies":[{"embeddable":true,"href":"https:\/\/www.e-anjelik.sk\/index.php\/wp-json\/wp\/v2\/comments?post=29414"}],"version-history":[{"count":0,"href":"https:\/\/www.e-anjelik.sk\/index.php\/wp-json\/wp\/v2\/posts\/29414\/revisions"}],"wp:attachment":[{"href":"https:\/\/www.e-anjelik.sk\/index.php\/wp-json\/wp\/v2\/media?parent=29414"}],"wp:term":[{"taxonomy":"category","embeddable":true,"href":"https:\/\/www.e-anjelik.sk\/index.php\/wp-json\/wp\/v2\/categories?post=29414"},{"taxonomy":"post_tag","embeddable":true,"href":"https:\/\/www.e-anjelik.sk\/index.php\/wp-json\/wp\/v2\/tags?post=29414"}],"curies":[{"name":"wp","href":"https:\/\/api.w.org\/{rel}","templated":true}]}}