{"id":29416,"date":"2015-11-17T11:26:41","date_gmt":"2015-11-17T09:26:41","guid":{"rendered":"http:\/\/www.evanjelik.sk\/?p=29416"},"modified":"2015-11-17T11:26:41","modified_gmt":"2015-11-17T09:26:41","slug":"moslimovia-vo-finsku-su-co-do-poctu-na-druhom-mieste","status":"publish","type":"post","link":"https:\/\/www.e-anjelik.sk\/index.php\/2015\/11\/17\/moslimovia-vo-finsku-su-co-do-poctu-na-druhom-mieste\/","title":{"rendered":"Moslimovia vo F\u00ednsku s\u00fa \u010do do po\u010dtu na druhom mieste"},"content":{"rendered":"<p>S prib\u00fadaj\u00facimi po\u010dtami migrantov v tejto severskej krajine sa zvy\u0161uje aj po\u010det moslimov. V s\u00fa\u010dasnosti \u010do do n\u00e1bo\u017eensk\u00e9ho zlo\u017eenia obyvate\u013eov vyzer\u00e1 situ\u00e1cia vo F\u00ednsku \u00a0takto:<\/p>\n<p>Po\u010det obyvate\u013eov F\u00ednska je 5.3 mili\u00f3na. 80% z nich sa hl\u00e1si ku evanjelicko-luter\u00e1nskej cirkvi. 70 tis\u00edc je moslimov, 60 tis\u00edc pravosl\u00e1vnych,18 tis\u00edc Svedkov Jehovu, protestantsk\u00e9 denomin\u00e1cie tvoria spolu skupinu 15 tis\u00edc kres\u0165anov, r\u00edmskych katol\u00edkov je 13 tis\u00edc. Spr\u00e1vu priniesla agent\u00fara YLE.<\/p>\n<p>(www.evangelikus.hu)<\/p>\n","protected":false},"excerpt":{"rendered":"<p>S prib\u00fadaj\u00facimi po\u010dtami migrantov v tejto severskej krajine sa zvy\u0161uje aj po\u010det moslimov. V s\u00fa\u010dasnosti \u010do do n\u00e1bo\u017eensk\u00e9ho zlo\u017eenia obyvate\u013eov vyzer\u00e1 situ\u00e1cia vo F\u00ednsku \u00a0takto: Po\u010det obyvate\u013eov F\u00ednska je 5.3 mili\u00f3na. 80% z nich sa hl\u00e1si ku evanjelicko-luter\u00e1nskej cirkvi. 70 tis\u00edc je moslimov, 60 tis\u00edc pravosl\u00e1vnych,18 tis\u00edc Svedkov Jehovu, protestantsk\u00e9 denomin\u00e1cie tvoria spolu skupinu 15 &#8230; <a title=\"Moslimovia vo F\u00ednsku s\u00fa \u010do do po\u010dtu na druhom mieste\" class=\"read-more\" href=\"https:\/\/www.e-anjelik.sk\/index.php\/2015\/11\/17\/moslimovia-vo-finsku-su-co-do-poctu-na-druhom-mieste\/\" aria-label=\"Pre\u010d\u00edtajte si viac o Moslimovia vo F\u00ednsku s\u00fa \u010do do po\u010dtu na druhom mieste\">\u010c\u00edta\u0165 viac<\/a><\/p>\n","protected":false},"author":2,"featured_media":0,"comment_status":"open","ping_status":"open","sticky":false,"template":"","format":"standard","meta":{"footnotes":""},"categories":[2,9],"tags":[],"class_list":["post-29416","post","type-post","status-publish","format-standard","hentry","category-ekumena","category-europa"],"_links":{"self":[{"href":"https:\/\/www.e-anjelik.sk\/index.php\/wp-json\/wp\/v2\/posts\/29416","targetHints":{"allow":["GET"]}}],"collection":[{"href":"https:\/\/www.e-anjelik.sk\/index.php\/wp-json\/wp\/v2\/posts"}],"about":[{"href":"https:\/\/www.e-anjelik.sk\/index.php\/wp-json\/wp\/v2\/types\/post"}],"author":[{"embeddable":true,"href":"https:\/\/www.e-anjelik.sk\/index.php\/wp-json\/wp\/v2\/users\/2"}],"replies":[{"embeddable":true,"href":"https:\/\/www.e-anjelik.sk\/index.php\/wp-json\/wp\/v2\/comments?post=29416"}],"version-history":[{"count":0,"href":"https:\/\/www.e-anjelik.sk\/index.php\/wp-json\/wp\/v2\/posts\/29416\/revisions"}],"wp:attachment":[{"href":"https:\/\/www.e-anjelik.sk\/index.php\/wp-json\/wp\/v2\/media?parent=29416"}],"wp:term":[{"taxonomy":"category","embeddable":true,"href":"https:\/\/www.e-anjelik.sk\/index.php\/wp-json\/wp\/v2\/categories?post=29416"},{"taxonomy":"post_tag","embeddable":true,"href":"https:\/\/www.e-anjelik.sk\/index.php\/wp-json\/wp\/v2\/tags?post=29416"}],"curies":[{"name":"wp","href":"https:\/\/api.w.org\/{rel}","templated":true}]}}