{"id":29418,"date":"2015-11-18T15:26:12","date_gmt":"2015-11-18T13:26:12","guid":{"rendered":"http:\/\/www.evanjelik.sk\/?p=29418"},"modified":"2015-11-18T15:26:12","modified_gmt":"2015-11-18T13:26:12","slug":"novy-generalny-tajomnik-spolku-martina-luthera","status":"publish","type":"post","link":"https:\/\/www.e-anjelik.sk\/index.php\/2015\/11\/18\/novy-generalny-tajomnik-spolku-martina-luthera\/","title":{"rendered":"Nov\u00fd gener\u00e1lny tajomn\u00edk Spolku Martina Luthera"},"content":{"rendered":"<figure style=\"width: 590px\" class=\"wp-caption alignright\"><img loading=\"lazy\" decoding=\"async\" src=\"http:\/\/www.martin-luther-bund.de\/uploads\/pics\/2015_BRBV_Huebner.jpg\" alt=\"\" width=\"600\" height=\"400\" \/><figcaption class=\"wp-caption-text\">Michael H\u00fcbner, Generalny sekretar Martin-Luther-Bund, Dr. Rainer Stahl, sucasny Generalny sekretar a Dr. Rudolf Keller, Docasny zastupca \u2013 Bild: Jeske, Martin Luther Bund<\/figcaption><\/figure>\n<p>V meste Bad Essen sa v d\u0148och 13. a 14. novembra 2015 \u00a0konalo celonemeck\u00e9 zhroma\u017edenie Spolku Martina Luthera. Na programe bola vo\u013eba nov\u00e9ho gener\u00e1lneho tajomn\u00edka Spolku. Ve\u013ekou v\u00e4\u010d\u0161inou pr\u00edtomn\u00ed zvolili b\u00fdval\u00e9ho vrchn\u00e9ho cirkevn\u00e9ho radcu v \u00farade EKD far\u00e1ra Michaela Huebnera. Funkciu prevezme po odchode teraj\u0161ieho gen. tajomn\u00edka R\u00a0 . Stahla koncom marca 2016 do d\u00f4chodku. Druh\u00fdm bodom bol podpis dohody medzi MLB a Spojenou luter\u00e1nskou cirkvou Nemecka (VELKD) a Nemeck\u00fdm n\u00e1rodn\u00fdm v\u00fdborom SLZ. Do tretice deleg\u00e1ti schv\u00e1lili jednomyse\u013ene pr\u00edpravu zmluvy medzi MLB a Evanjelicko-luter\u00e1nskou krajinskou cirkvou v Bavorsku o vlastn\u00edctve domu na Fahrstrasse v Erlangene a pozemku pod n\u00edm. Cirkev bude vlastn\u00edkom, dom oprav\u00ed a ponech\u00e1 ho na\u010falej ako \u0161tudijn\u00fd dom pre MLB. Deleg\u00e1ti \u010falej schv\u00e1lili projekt pre Sliezsku Ev. a\u00a0 .v. cirkev\u00a0\u00a0v \u010cR s n\u00e1zvom\u00a0 &#8222;\u0160ance -podan\u00e1 ruka&#8220; . Ide o prestavbu starej fary v T\u0159inci na zariadenie pre pomoc osob\u00e1m v rozli\u010dn\u00fdch z\u00e1vislostiach.<\/p>\n<p>(<a href=\"http:\/\/www.martin-luther-bund.de\">www.martin-luther-bund.de<\/a>)<\/p>\n","protected":false},"excerpt":{"rendered":"<p>V meste Bad Essen sa v d\u0148och 13. a 14. novembra 2015 \u00a0konalo celonemeck\u00e9 zhroma\u017edenie Spolku Martina Luthera. Na programe bola vo\u013eba nov\u00e9ho gener\u00e1lneho tajomn\u00edka Spolku. Ve\u013ekou v\u00e4\u010d\u0161inou pr\u00edtomn\u00ed zvolili b\u00fdval\u00e9ho vrchn\u00e9ho cirkevn\u00e9ho radcu v \u00farade EKD far\u00e1ra Michaela Huebnera. Funkciu prevezme po odchode teraj\u0161ieho gen. tajomn\u00edka R\u00a0 . Stahla koncom marca 2016 do d\u00f4chodku. &#8230; <a title=\"Nov\u00fd gener\u00e1lny tajomn\u00edk Spolku Martina Luthera\" class=\"read-more\" href=\"https:\/\/www.e-anjelik.sk\/index.php\/2015\/11\/18\/novy-generalny-tajomnik-spolku-martina-luthera\/\" aria-label=\"Pre\u010d\u00edtajte si viac o Nov\u00fd gener\u00e1lny tajomn\u00edk Spolku Martina Luthera\">\u010c\u00edta\u0165 viac<\/a><\/p>\n","protected":false},"author":2,"featured_media":0,"comment_status":"open","ping_status":"open","sticky":false,"template":"","format":"standard","meta":{"footnotes":""},"categories":[5,2,9],"tags":[],"class_list":["post-29418","post","type-post","status-publish","format-standard","hentry","category-diakonia","category-ekumena","category-europa"],"_links":{"self":[{"href":"https:\/\/www.e-anjelik.sk\/index.php\/wp-json\/wp\/v2\/posts\/29418","targetHints":{"allow":["GET"]}}],"collection":[{"href":"https:\/\/www.e-anjelik.sk\/index.php\/wp-json\/wp\/v2\/posts"}],"about":[{"href":"https:\/\/www.e-anjelik.sk\/index.php\/wp-json\/wp\/v2\/types\/post"}],"author":[{"embeddable":true,"href":"https:\/\/www.e-anjelik.sk\/index.php\/wp-json\/wp\/v2\/users\/2"}],"replies":[{"embeddable":true,"href":"https:\/\/www.e-anjelik.sk\/index.php\/wp-json\/wp\/v2\/comments?post=29418"}],"version-history":[{"count":0,"href":"https:\/\/www.e-anjelik.sk\/index.php\/wp-json\/wp\/v2\/posts\/29418\/revisions"}],"wp:attachment":[{"href":"https:\/\/www.e-anjelik.sk\/index.php\/wp-json\/wp\/v2\/media?parent=29418"}],"wp:term":[{"taxonomy":"category","embeddable":true,"href":"https:\/\/www.e-anjelik.sk\/index.php\/wp-json\/wp\/v2\/categories?post=29418"},{"taxonomy":"post_tag","embeddable":true,"href":"https:\/\/www.e-anjelik.sk\/index.php\/wp-json\/wp\/v2\/tags?post=29418"}],"curies":[{"name":"wp","href":"https:\/\/api.w.org\/{rel}","templated":true}]}}