{"id":29443,"date":"2015-11-23T12:02:40","date_gmt":"2015-11-23T10:02:40","guid":{"rendered":"http:\/\/www.evanjelik.sk\/?p=29443"},"modified":"2015-11-23T12:02:40","modified_gmt":"2015-11-23T10:02:40","slug":"zvolili-noveho-biskupa-tesinskej-diecezy","status":"publish","type":"post","link":"https:\/\/www.e-anjelik.sk\/index.php\/2015\/11\/23\/zvolili-noveho-biskupa-tesinskej-diecezy\/","title":{"rendered":"Zvolili nov\u00e9ho biskupa te\u0161\u00ednskej diec\u00e9zy"},"content":{"rendered":"<p>V sobotu 21. novembra t .r. sa v Bielsku &#8211; Bialej konala synoda te\u0161\u00ednskej diec\u00e9zy Evanjelicko-augsburskej cirkvi v Po\u013esku. Na programe synody bola o.i. aj vo\u013eba nov\u00e9ho biskupa. Pr\u00edtomn\u00ed 111 deleg\u00e1ti si z troch kandid\u00e1tov zvolili po\u010dtom 60 hlasov za nov\u00e9ho biskupa dr. Adriana Korczaga, zborov\u00e9ho far\u00e1ra v Goleszowe. \u00a051-ro\u010dn\u00fd duchovn\u00fd bol po \u0161t\u00fadiu teol\u00f3gie v r. 1989 ordinovan\u00fd za k\u0148aza. Bol kapl\u00e1nom v Ustroni a zakladal cirkevn\u00fd zbor v Bludoviaciach, v SCEAV v \u010cR, tam sa stal aj zborov\u00fdm far\u00e1rom. Predn\u00e1\u0161al na CHAT vo Var\u0161ave homiletiku a pastor\u00e1lku. Ako \u0161tipendista \u0161tudoval na Univerzite v Bonne. R. 2004 z\u00edskal doktor\u00e1t teol\u00f3gie. Je ved\u00facim evanjelickej katedry praktickej teol\u00f3gie v CHAT. Od r. 2002 je \u010dlenom celocirkevnej synody. Od r. 2008 je riadite\u013eom Pastor\u00e1lneho in\u0161tit\u00fatu EAC v PR. Od r. 2008 je spiritu\u00e1lom \u0161tudentov CHAT. Je \u017eenat\u00fd, s man\u017eelkou maj\u00fa jednu dc\u00e9ru.<\/p>\n<p>In\u0161tal\u00e1cia bude 6. janu\u00e1ra 2016 v Je\u017ei\u0161ovom chr\u00e1me v Cieszyne. Preberie \u00farad po teraj\u0161om biskupovi Pawlowi Anweilerovi, ktor\u00fd odch\u00e1dza do d\u00f4chodku.<\/p>\n<p>(www.luteranie.pl)<\/p>\n","protected":false},"excerpt":{"rendered":"<p>V sobotu 21. novembra t .r. sa v Bielsku &#8211; Bialej konala synoda te\u0161\u00ednskej diec\u00e9zy Evanjelicko-augsburskej cirkvi v Po\u013esku. Na programe synody bola o.i. aj vo\u013eba nov\u00e9ho biskupa. Pr\u00edtomn\u00ed 111 deleg\u00e1ti si z troch kandid\u00e1tov zvolili po\u010dtom 60 hlasov za nov\u00e9ho biskupa dr. Adriana Korczaga, zborov\u00e9ho far\u00e1ra v Goleszowe. \u00a051-ro\u010dn\u00fd duchovn\u00fd bol po \u0161t\u00fadiu teol\u00f3gie &#8230; <a title=\"Zvolili nov\u00e9ho biskupa te\u0161\u00ednskej diec\u00e9zy\" class=\"read-more\" href=\"https:\/\/www.e-anjelik.sk\/index.php\/2015\/11\/23\/zvolili-noveho-biskupa-tesinskej-diecezy\/\" aria-label=\"Pre\u010d\u00edtajte si viac o Zvolili nov\u00e9ho biskupa te\u0161\u00ednskej diec\u00e9zy\">\u010c\u00edta\u0165 viac<\/a><\/p>\n","protected":false},"author":2,"featured_media":0,"comment_status":"open","ping_status":"open","sticky":false,"template":"","format":"standard","meta":{"footnotes":""},"categories":[9],"tags":[],"class_list":["post-29443","post","type-post","status-publish","format-standard","hentry","category-europa"],"_links":{"self":[{"href":"https:\/\/www.e-anjelik.sk\/index.php\/wp-json\/wp\/v2\/posts\/29443","targetHints":{"allow":["GET"]}}],"collection":[{"href":"https:\/\/www.e-anjelik.sk\/index.php\/wp-json\/wp\/v2\/posts"}],"about":[{"href":"https:\/\/www.e-anjelik.sk\/index.php\/wp-json\/wp\/v2\/types\/post"}],"author":[{"embeddable":true,"href":"https:\/\/www.e-anjelik.sk\/index.php\/wp-json\/wp\/v2\/users\/2"}],"replies":[{"embeddable":true,"href":"https:\/\/www.e-anjelik.sk\/index.php\/wp-json\/wp\/v2\/comments?post=29443"}],"version-history":[{"count":0,"href":"https:\/\/www.e-anjelik.sk\/index.php\/wp-json\/wp\/v2\/posts\/29443\/revisions"}],"wp:attachment":[{"href":"https:\/\/www.e-anjelik.sk\/index.php\/wp-json\/wp\/v2\/media?parent=29443"}],"wp:term":[{"taxonomy":"category","embeddable":true,"href":"https:\/\/www.e-anjelik.sk\/index.php\/wp-json\/wp\/v2\/categories?post=29443"},{"taxonomy":"post_tag","embeddable":true,"href":"https:\/\/www.e-anjelik.sk\/index.php\/wp-json\/wp\/v2\/tags?post=29443"}],"curies":[{"name":"wp","href":"https:\/\/api.w.org\/{rel}","templated":true}]}}