{"id":29449,"date":"2015-11-25T12:24:49","date_gmt":"2015-11-25T10:24:49","guid":{"rendered":"http:\/\/www.evanjelik.sk\/?p=29449"},"modified":"2015-11-25T12:24:49","modified_gmt":"2015-11-25T10:24:49","slug":"v-nemecku-otvaraju-akciu-brot-fuer-die-welt-chlieb-pre-svet","status":"publish","type":"post","link":"https:\/\/www.e-anjelik.sk\/index.php\/2015\/11\/25\/v-nemecku-otvaraju-akciu-brot-fuer-die-welt-chlieb-pre-svet\/","title":{"rendered":"V Nemecku otv\u00e1raj\u00fa akciu Brot fuer die Welt &#8211; Chlieb pre svet"},"content":{"rendered":"<p>57. ro\u010dn\u00edk evanjelickej pomocnej organiz\u00e1cie &#8220;\u00a0Brot fuer die Welt &#8211; Chlieb pre svet&#8220; \u00a0otvoria v 1. adventn\u00fa nede\u013eu na slu\u017eb\u00e1ch Bo\u017e\u00edch v priamom prenose ARD (nemeck\u00fd prv\u00fd program verejnopr\u00e1vnej TV) pod mottom &#8220; Nesta\u010d\u00ed by\u0165 nas\u00fdten\u00fd.&#8220; Bohoslu\u017eby sa konaj\u00fa 29. novembra 2015 v Marktkirche v Hannoveri.<\/p>\n<p>Cie\u013eom akcie je zbierka finan\u010dn\u00fdch prostriedkov\u00a0 pre realiz\u00e1ciu projektov vo vy\u0161e 90 krajin\u00e1ch sveta na prekonanie hladu, biedy a nespravodlivosti. Vlani sa v Nemecku takto vyzbieralo 55,7 mili\u00f3na eur. Akciu organizuj\u00fa evanjelick\u00e9 krajinsk\u00e9 a slobodn\u00e9 cirkvi a jej s\u00eddlom je Evanjelick\u00e1 pr\u00e1ca pre diakoniu a rozvoj v Berl\u00edne. Projekty s\u00fa zameran\u00e9 na pomoc obyvate\u013eom v Afrike, \u00c1zii a Latinskej Amerike. Vo svete je dnes okolo 2 miliardy hladuj\u00facich. Tradi\u010dne s\u00fa v Nemecku v ev. cirkevn\u00fdch zboroch viano\u010dn\u00e9 zbierky ur\u010den\u00e9 pre akciu &#8220;\u00a0Brot fuer die Welt.&#8220;<\/p>\n<p>(www.nordkirche.de)<\/p>\n","protected":false},"excerpt":{"rendered":"<p>57. ro\u010dn\u00edk evanjelickej pomocnej organiz\u00e1cie &#8220;\u00a0Brot fuer die Welt &#8211; Chlieb pre svet&#8220; \u00a0otvoria v 1. adventn\u00fa nede\u013eu na slu\u017eb\u00e1ch Bo\u017e\u00edch v priamom prenose ARD (nemeck\u00fd prv\u00fd program verejnopr\u00e1vnej TV) pod mottom &#8220; Nesta\u010d\u00ed by\u0165 nas\u00fdten\u00fd.&#8220; Bohoslu\u017eby sa konaj\u00fa 29. novembra 2015 v Marktkirche v Hannoveri. Cie\u013eom akcie je zbierka finan\u010dn\u00fdch prostriedkov\u00a0 pre realiz\u00e1ciu projektov &#8230; <a title=\"V Nemecku otv\u00e1raj\u00fa akciu Brot fuer die Welt &#8211; Chlieb pre svet\" class=\"read-more\" href=\"https:\/\/www.e-anjelik.sk\/index.php\/2015\/11\/25\/v-nemecku-otvaraju-akciu-brot-fuer-die-welt-chlieb-pre-svet\/\" aria-label=\"Pre\u010d\u00edtajte si viac o V Nemecku otv\u00e1raj\u00fa akciu Brot fuer die Welt &#8211; Chlieb pre svet\">\u010c\u00edta\u0165 viac<\/a><\/p>\n","protected":false},"author":2,"featured_media":0,"comment_status":"open","ping_status":"open","sticky":false,"template":"","format":"standard","meta":{"footnotes":""},"categories":[179,5,2,9],"tags":[],"class_list":["post-29449","post","type-post","status-publish","format-standard","hentry","category-advent","category-diakonia","category-ekumena","category-europa"],"_links":{"self":[{"href":"https:\/\/www.e-anjelik.sk\/index.php\/wp-json\/wp\/v2\/posts\/29449","targetHints":{"allow":["GET"]}}],"collection":[{"href":"https:\/\/www.e-anjelik.sk\/index.php\/wp-json\/wp\/v2\/posts"}],"about":[{"href":"https:\/\/www.e-anjelik.sk\/index.php\/wp-json\/wp\/v2\/types\/post"}],"author":[{"embeddable":true,"href":"https:\/\/www.e-anjelik.sk\/index.php\/wp-json\/wp\/v2\/users\/2"}],"replies":[{"embeddable":true,"href":"https:\/\/www.e-anjelik.sk\/index.php\/wp-json\/wp\/v2\/comments?post=29449"}],"version-history":[{"count":0,"href":"https:\/\/www.e-anjelik.sk\/index.php\/wp-json\/wp\/v2\/posts\/29449\/revisions"}],"wp:attachment":[{"href":"https:\/\/www.e-anjelik.sk\/index.php\/wp-json\/wp\/v2\/media?parent=29449"}],"wp:term":[{"taxonomy":"category","embeddable":true,"href":"https:\/\/www.e-anjelik.sk\/index.php\/wp-json\/wp\/v2\/categories?post=29449"},{"taxonomy":"post_tag","embeddable":true,"href":"https:\/\/www.e-anjelik.sk\/index.php\/wp-json\/wp\/v2\/tags?post=29449"}],"curies":[{"name":"wp","href":"https:\/\/api.w.org\/{rel}","templated":true}]}}