{"id":2945,"date":"2010-07-21T10:32:29","date_gmt":"2010-07-21T10:32:29","guid":{"rendered":"http:\/\/e-anjelik.sk\/?p=2945"},"modified":"2010-07-21T10:32:29","modified_gmt":"2010-07-21T10:32:29","slug":"korejsky-prezes-navstivil-selk","status":"publish","type":"post","link":"https:\/\/www.e-anjelik.sk\/index.php\/2010\/07\/21\/korejsky-prezes-navstivil-selk\/","title":{"rendered":"K\u00f3rejsk\u00fd pr\u00e9zes nav\u0161t\u00edvil SELK"},"content":{"rendered":"<p>Pr&eacute;zes Luter&aacute;nskej cirkvi K&oacute;rey Rev. Hyun- Sub Um v d\u0148och 16. a\u017e 20. j&uacute;la t.r. nav&scaron;t&iacute;vil SELK. Obe konfesion&aacute;lne cirkvi s&uacute; \u010dlenkami ILC. Um sa 18. j&uacute;la z&uacute;\u010dastnil slu\u017eieb Bo\u017e&iacute;ch v zbore Betlehem v Hannoveri, ktor&eacute; viedol biskup SELK Voigt. Um odovzdal zboru pozdrav. V nasleduj&uacute;cich d\u0148och nav&scaron;t&iacute;vil misijn&eacute; zariadenia v Bleckmare a v Herrmansburgu. K&oacute;rejsk&aacute; cirkev prudko narast&aacute;. T.\u010d. po\u010d&iacute;ta okolo 6 tis&iacute;c \u010dlenov v 64 cirkevn&yacute;ch zboroch.<\/p>\n<p>(<a href=\"http:\/\/www.selk.de\">www.selk.de<\/a>)<\/p>\n","protected":false},"excerpt":{"rendered":"<p>Pr&eacute;zes Luter&aacute;nskej cirkvi K&oacute;rey Rev. Hyun- Sub Um v d\u0148och 16. a\u017e 20. j&uacute;la t.r. nav&scaron;t&iacute;vil SELK. Obe konfesion&aacute;lne cirkvi s&uacute; \u010dlenkami ILC. Um sa 18. j&uacute;la z&uacute;\u010dastnil slu\u017eieb Bo\u017e&iacute;ch v zbore Betlehem v Hannoveri, ktor&eacute; viedol biskup SELK Voigt. Um odovzdal zboru pozdrav. V nasleduj&uacute;cich d\u0148och nav&scaron;t&iacute;vil misijn&eacute; zariadenia v Bleckmare a v Herrmansburgu. &#8230; <a title=\"K\u00f3rejsk\u00fd pr\u00e9zes nav\u0161t\u00edvil SELK\" class=\"read-more\" href=\"https:\/\/www.e-anjelik.sk\/index.php\/2010\/07\/21\/korejsky-prezes-navstivil-selk\/\" aria-label=\"Pre\u010d\u00edtajte si viac o K\u00f3rejsk\u00fd pr\u00e9zes nav\u0161t\u00edvil SELK\">\u010c\u00edta\u0165 viac<\/a><\/p>\n","protected":false},"author":22,"featured_media":0,"comment_status":"open","ping_status":"open","sticky":false,"template":"","format":"standard","meta":{"footnotes":""},"categories":[9,10],"tags":[],"class_list":["post-2945","post","type-post","status-publish","format-standard","hentry","category-europa","category-zo-sveta"],"_links":{"self":[{"href":"https:\/\/www.e-anjelik.sk\/index.php\/wp-json\/wp\/v2\/posts\/2945","targetHints":{"allow":["GET"]}}],"collection":[{"href":"https:\/\/www.e-anjelik.sk\/index.php\/wp-json\/wp\/v2\/posts"}],"about":[{"href":"https:\/\/www.e-anjelik.sk\/index.php\/wp-json\/wp\/v2\/types\/post"}],"author":[{"embeddable":true,"href":"https:\/\/www.e-anjelik.sk\/index.php\/wp-json\/wp\/v2\/users\/22"}],"replies":[{"embeddable":true,"href":"https:\/\/www.e-anjelik.sk\/index.php\/wp-json\/wp\/v2\/comments?post=2945"}],"version-history":[{"count":0,"href":"https:\/\/www.e-anjelik.sk\/index.php\/wp-json\/wp\/v2\/posts\/2945\/revisions"}],"wp:attachment":[{"href":"https:\/\/www.e-anjelik.sk\/index.php\/wp-json\/wp\/v2\/media?parent=2945"}],"wp:term":[{"taxonomy":"category","embeddable":true,"href":"https:\/\/www.e-anjelik.sk\/index.php\/wp-json\/wp\/v2\/categories?post=2945"},{"taxonomy":"post_tag","embeddable":true,"href":"https:\/\/www.e-anjelik.sk\/index.php\/wp-json\/wp\/v2\/tags?post=2945"}],"curies":[{"name":"wp","href":"https:\/\/api.w.org\/{rel}","templated":true}]}}